{"id":960,"date":"2019-09-16T01:08:10","date_gmt":"2019-09-16T01:08:10","guid":{"rendered":"https:\/\/www.ggaparapente.com\/?p=960"},"modified":"2025-09-14T12:58:30","modified_gmt":"2025-09-14T12:58:30","slug":"%d0%bf%d0%be%d0%bb%d0%b5%d1%82-%d0%bd%d0%b0-%d0%b0%d0%b4%d0%b5%d0%b4%d0%b6%d0%b5","status":"publish","type":"post","link":"https:\/\/www.ggaparapente.com\/ru\/%d0%bf%d0%be%d0%bb%d0%b5%d1%82%d1%8b-%d0%bd%d0%b0-%d0%bf%d0%b0%d1%80%d0%b0%d0%bf%d0%bb%d0%b0%d0%bd%d0%b5-%d1%82%d0%b5%d0%bd%d0%b5%d1%80%d0%b8%d1%84%d0%b5-%d1%8e%d0%b3\/%d0%bf%d0%be%d0%bb%d0%b5%d1%82-%d0%bd%d0%b0-%d0%b0%d0%b4%d0%b5%d0%b4%d0%b6%d0%b5\/","title":{"rendered":"\u041f\u0435\u0440\u0435\u043b\u0435\u0442 \u0438\u0437 \u0410\u0434\u0435\u0445\u0435"},"content":{"rendered":"\n<div class=\"wp-block-cover alignfull has-text-color has-link-color wp-elements-f6bf5bd20fe1e6406cfc51494c56fdda\" style=\"color:#000000;min-height:408px;aspect-ratio:unset;\"><span aria-hidden=\"true\" class=\"wp-block-cover__background has-base-3-background-color has-background-dim-100 has-background-dim\"><\/span><div class=\"wp-block-cover__inner-container is-layout-flow wp-block-cover-is-layout-flow\">\n<div class=\"wp-block-cover\"><video class=\"wp-block-cover__video-background intrinsic-ignore\" autoplay muted loop playsinline src=\"https:\/\/www.ggaparapente.com\/wp-content\/uploads\/2025\/09\/player_export.mp4\" data-object-fit=\"cover\"><\/video><span aria-hidden=\"true\" class=\"wp-block-cover__background has-black-background-color has-background-dim-60 has-background-dim\"><\/span><div class=\"wp-block-cover__inner-container is-layout-constrained wp-block-cover-is-layout-constrained\">\n<h1 class=\"wp-block-heading has-text-align-center has-base-3-color has-text-color has-link-color has-large-font-size wp-elements-fe684c6a20768e01ea1938d39e3f1188\"><strong>Vuelo de Adeje<\/strong><\/h1>\n\n\n\n<h2 class=\"wp-block-heading has-text-align-center has-base-3-color has-text-color has-link-color has-small-font-size wp-elements-fc8a96c86733b909d5df7fdbc69d8c55\"><strong>Siente la emoci\u00f3n de volar en parapente sobre la costa de Adeje con nuestro emocionante vuelo. Disfruta de las impresionantes vistas de la costa y el oc\u00e9ano mientras experimentas la sensaci\u00f3n de volar como un p\u00e1jaro. Con nuestros pilotos experimentados, tendr\u00e1s una aventura en el aire segura y emocionante que te dejar\u00e1 recuerdos inolvidables.<\/strong><\/h2>\n<\/div><\/div>\n\n\n\n<div style=\"height:0px\" aria-hidden=\"true\" class=\"wp-block-spacer\"><\/div>\n\n\n\n<h2 class=\"wp-block-heading has-text-align-center has-large-font-size\"><strong><strong> Vuelo bautismo<\/strong><\/strong><\/h2>\n\n\n\n<h2 class=\"wp-block-heading has-text-align-center has-contrast-color has-text-color has-link-color has-medium-font-size wp-elements-838686220a2f399c72a2bfea5dd60310\"><strong>&#8211; Precio: 100\u20ac<\/strong><\/h2>\n\n\n\n<h3 class=\"wp-block-heading alignfull has-text-align-center has-contrast-2-color has-text-color has-small-font-size\"><strong>&#8211; Seguro de responsabilidad civil<\/strong><\/h3>\n\n\n\n<h3 class=\"wp-block-heading alignfull has-text-align-center has-contrast-2-color has-text-color has-small-font-size\"><strong>&#8211; Tiempo de vuelo depender\u00e1 de la meteorolog\u00eda <\/strong><\/h3>\n\n\n\n<h3 class=\"wp-block-heading alignfull has-text-align-center has-contrast-2-color has-text-color has-small-font-size\"><strong><strong>\u2013 Video opcional,video a 180 o 4k<\/strong><\/strong><\/h3>\n\n\n\n<h3 class=\"wp-block-heading alignfull has-text-align-center has-contrast-2-color has-text-color has-small-font-size\"><strong>&#8211; Te pasamos los mandos para que puedas volar tu el parapente<\/strong><\/h3>\n\n\n\n<h3 class=\"wp-block-heading alignfull has-text-align-center has-contrast-2-color has-text-color has-small-font-size\"><strong>&#8211; Giros acrob\u00e1ticos opcional por el pasajero y si las condiciones lo permiten <\/strong><\/h3>\n\n\n\n<h3 class=\"wp-block-heading alignfull has-text-align-center has-contrast-2-color has-text-color has-small-font-size\"><strong>&#8211; Transporte desde el punto de encuentro hacia el despegue y devuelta al punto de encuentro<\/strong><\/h3>\n\n\n\n<h3 class=\"wp-block-heading alignfull has-text-align-center has-contrast-2-color has-text-color has-small-font-size\"><strong>&#8211; Horarios: 10:00\/11:00\/12:00\/13:00\/14:00\/15:00\/16:00\/17:00<\/strong><\/h3>\n\n\n\n<h3 class=\"wp-block-heading alignfull has-text-align-center has-contrast-2-color has-text-color has-small-font-size\"><strong>&#8211; Tiempo estimado de la actividad al completo 1:00 horas<\/strong><\/h3>\n\n\n\n<p class=\"has-text-align-center has-contrast-2-color has-text-color has-small-font-size\"><strong> &#8211; Punto de encuentro Adeje :<\/strong><mark style=\"background-color:rgba(0, 0, 0, 0)\" class=\"has-inline-color has-contrast-color\"> <\/mark><a href=\"https:\/\/maps.app.goo.gl\/18d1HRiWTPb7unct7\" data-type=\"link\" data-id=\"https:\/\/maps.app.goo.gl\/Pax47EpSohnePHcc7\" target=\"_blank\" rel=\"noopener\"><mark style=\"background-color:rgba(0, 0, 0, 0)\" class=\"has-inline-color has-accent-color\">ver aqu\u00ed<\/mark><\/a><\/p>\n\n\n\n<figure class=\"wp-block-embed is-type-video is-provider-vimeo wp-block-embed-vimeo wp-embed-aspect-16-9 wp-has-aspect-ratio\"><div class=\"wp-block-embed__wrapper\">\n<iframe loading=\"lazy\" title=\"Vuelo en parapente en Adeje, Tenerife | GGA Parapente\" src=\"https:\/\/player.vimeo.com\/video\/1118492392?dnt=1&amp;app_id=122963\" width=\"1200\" height=\"675\" frameborder=\"0\" allow=\"autoplay; fullscreen; picture-in-picture; clipboard-write; encrypted-media; web-share\" referrerpolicy=\"strict-origin-when-cross-origin\"><\/iframe>\n<\/div><\/figure>\n\n\n\n<p class=\"has-text-align-center\"><strong>Posibles despegues y aterrizajes:<\/strong><\/p>\n\n\n\n<p class=\"has-text-align-center has-contrast-2-color has-text-color has-small-font-size\"><strong>Despegue desde taucho y aterrizaje en playa de La Enramada <\/strong><\/p>\n\n\n\n<p class=\"has-text-align-center has-contrast-2-color has-text-color has-small-font-size\"><strong>Despegue desde Ifonche y aterrizaje en playa de La Enramada<\/strong><\/p>\n\n\n\n<p><strong><strong><strong><strong>\n<script>\n  if (typeof hasAmeliaEntitiesApiCall === 'undefined' && ('' === '' && '' !== '1')) {\n    var hasAmeliaEntitiesApiCall = true;\n  }\n  var ameliaShortcodeData = (typeof ameliaShortcodeData === 'undefined') ? [] : ameliaShortcodeData;\n  ameliaShortcodeData.push(\n    {\n      'hasApiCall': (typeof hasAmeliaEntitiesApiCall !== 'undefined') && hasAmeliaEntitiesApiCall,\n      'trigger': '',\n      'trigger_type': '',\n      'triggered_form': 'sbsNew',\n      'in_dialog': '',\n      'show': '',\n      'counter': '1000',\n      'category': '',\n      'service': '3',\n      'employee': '',\n      'location': '',\n      'package': '',\n      'layout': '',\n    }\n  );\n\n  var ameliaShortcodeDataTriggered = (typeof ameliaShortcodeDataTriggered === 'undefined') ? [] : ameliaShortcodeDataTriggered;\n  if (ameliaShortcodeData[ameliaShortcodeData.length - 1].trigger !== '') {\n    if (ameliaShortcodeDataTriggered.filter(a => a.counter === ameliaShortcodeData[ameliaShortcodeData.length - 1].counter).length === 0) {\n      ameliaShortcodeDataTriggered.push(ameliaShortcodeData.pop());\n    } else {\n      ameliaShortcodeData.pop()\n    }\n  }\n  if (typeof hasAmeliaEntitiesApiCall !== 'undefined' && hasAmeliaEntitiesApiCall) {\n    hasAmeliaEntitiesApiCall = false;\n  }\n<\/script>\n\n<div\n  id=\"amelia-v2-booking-1000\"\n  class=\"amelia-v2-booking\"\n >\n    <step-form-wrapper><\/step-form-wrapper><\/div>\n<\/strong>&nbsp;&nbsp;<\/strong><\/strong><\/strong><\/p>\n\n\n\n<p class=\"has-text-align-center has-contrast-2-color has-text-color has-link-color wp-elements-0d1bb6f851b5b3b7b2460cb18a8f6b2c\"><strong>ATENCI\u00d3N: El peso debe estar entre 20 kg y 100 kg, con un cargo adicional de 30 \u20ac para aquellos que superen los 90 kg. No hay un l\u00edmite m\u00ednimo de edad, pero la edad m\u00e1xima es de 70 a\u00f1os. La altura m\u00ednima para ni\u00f1os es de 100 cm, y la altura m\u00e1xima permitida es de 200 cm.<\/strong><\/p>\n<\/div><\/div>\n\n\n\n<div class=\"wp-block-cover alignfull\" style=\"min-height:100px;aspect-ratio:unset;\"><span aria-hidden=\"true\" class=\"wp-block-cover__background has-background-dim-100 has-background-dim\" style=\"background-color:#252628\"><\/span><div class=\"wp-block-cover__inner-container is-layout-flow wp-block-cover-is-layout-flow\">\n<div class=\"wp-block-buttons has-custom-font-size has-small-font-size is-content-justification-center is-layout-flex wp-container-core-buttons-is-layout-16018d1d wp-block-buttons-is-layout-flex\">\n<div class=\"wp-block-button has-custom-width wp-block-button__width-50 is-style-outline is-style-outline--1\"><a class=\"wp-block-button__link has-base-3-color has-text-color has-background wp-element-button\" href=\"https:\/\/www.ggaparapente.com\/parapente-tenerife\/vuelo-del-teide\/\" style=\"border-radius:15px;background-color:#ffffff00\"><strong>VUELO PARAPENTE DEL TEIDE<\/strong><\/a><\/div>\n\n\n\n<div class=\"wp-block-button has-custom-width wp-block-button__width-50 is-style-outline is-style-outline--2\"><a class=\"wp-block-button__link has-base-3-color has-text-color has-background wp-element-button\" href=\"https:\/\/www.ggaparapente.com\/parapente-tenerife\/vuelos-parapente-tenerife-norte\/\" style=\"border-radius:15px;background-color:#ffffff00\"><strong><strong>VUELO PARAPENTE TENERIFE NORTE<\/strong><\/strong><\/a><\/div>\n<\/div>\n<\/div><\/div>\n","protected":false},"excerpt":{"rendered":"","protected":false},"author":1,"featured_media":2449,"comment_status":"closed","ping_status":"closed","sticky":false,"template":"","format":"standard","meta":{"_monsterinsights_skip_tracking":false,"_monsterinsights_sitenote_active":false,"_monsterinsights_sitenote_note":"","_monsterinsights_sitenote_category":0,"footnotes":""},"categories":[22],"tags":[],"class_list":["post-960","post","type-post","status-publish","format-standard","has-post-thumbnail","hentry","category-vuelos-en-parapente-tenerife-sur"],"_links":{"self":[{"href":"https:\/\/www.ggaparapente.com\/ru\/wp-json\/wp\/v2\/posts\/960","targetHints":{"allow":["GET"]}}],"collection":[{"href":"https:\/\/www.ggaparapente.com\/ru\/wp-json\/wp\/v2\/posts"}],"about":[{"href":"https:\/\/www.ggaparapente.com\/ru\/wp-json\/wp\/v2\/types\/post"}],"author":[{"embeddable":true,"href":"https:\/\/www.ggaparapente.com\/ru\/wp-json\/wp\/v2\/users\/1"}],"replies":[{"embeddable":true,"href":"https:\/\/www.ggaparapente.com\/ru\/wp-json\/wp\/v2\/comments?post=960"}],"version-history":[{"count":2,"href":"https:\/\/www.ggaparapente.com\/ru\/wp-json\/wp\/v2\/posts\/960\/revisions"}],"predecessor-version":[{"id":6103,"href":"https:\/\/www.ggaparapente.com\/ru\/wp-json\/wp\/v2\/posts\/960\/revisions\/6103"}],"wp:featuredmedia":[{"embeddable":true,"href":"https:\/\/www.ggaparapente.com\/ru\/wp-json\/wp\/v2\/media\/2449"}],"wp:attachment":[{"href":"https:\/\/www.ggaparapente.com\/ru\/wp-json\/wp\/v2\/media?parent=960"}],"wp:term":[{"taxonomy":"category","embeddable":true,"href":"https:\/\/www.ggaparapente.com\/ru\/wp-json\/wp\/v2\/categories?post=960"},{"taxonomy":"post_tag","embeddable":true,"href":"https:\/\/www.ggaparapente.com\/ru\/wp-json\/wp\/v2\/tags?post=960"}],"curies":[{"name":"wp","href":"https:\/\/api.w.org\/{rel}","templated":true}]}}