{"id":914,"date":"2021-02-06T13:13:00","date_gmt":"2021-02-06T13:13:00","guid":{"rendered":"https:\/\/www.ggaparapente.com\/?p=914"},"modified":"2024-07-17T11:06:56","modified_gmt":"2024-07-17T11:06:56","slug":"il-teide","status":"publish","type":"post","link":"https:\/\/www.ggaparapente.com\/it\/parapendio-tenerife\/siti-di-volo-in-parapendio-a-tenerife\/il-teide\/","title":{"rendered":"Decollo: Monte Teide"},"content":{"rendered":"<div class=\"wp-block-cover alignfull wp-elements-2e0ed9c1836987563b5742c0d19a9bfb\"><span aria-hidden=\"true\" class=\"wp-block-cover__background has-background-dim-60 has-background-dim\"><\/span><video class=\"wp-block-cover__video-background intrinsic-ignore\" autoplay muted loop playsinline src=\"https:\/\/www.ggaparapente.com\/wp-content\/uploads\/2023\/03\/parapente-tenerife-portada.mp4\" data-object-fit=\"cover\"><\/video><div class=\"wp-block-cover__inner-container is-layout-flow wp-block-cover-is-layout-flow\">\n<h1 class=\"wp-block-heading has-text-align-center has-base-3-color has-text-color has-link-color has-large-font-size wp-elements-a1fa9c744d939eb45411cb16c6c663aa\"><strong>Decollo: Monte Teide<\/strong><\/h1>\n\n\n\n<p class=\"has-text-align-center has-base-3-color has-text-color has-link-color wp-elements-96edf73c2d19fbd682074d6b8d2166ed\"><strong>Situato ad un'altitudine di 2200 m, \u00e8 considerato il decollo pi\u00f9 alto della Spagna, di solito con un mare di nuvole ed \u00e8 un'esperienza impressionante che tutti dovrebbero vivere una volta nella vita, se vi trovate a Tenerife non potete perdervi questo volo. Il decollo principale avviene dal lato NORD del Teide.<\/strong><\/p>\n\n\n\n<p class=\"has-text-align-center\"><br>Per vedere l'attivit\u00e0, il prezzo e ulteriori informazioni sui voli in parapendio tandem, cliccate su \u00abvedi attivit\u00e0\u00bb.\u00bb<\/p>\n\n\n\n<div class=\"wp-block-buttons is-content-justification-center is-layout-flex wp-container-core-buttons-is-layout-16018d1d wp-block-buttons-is-layout-flex\">\n<div class=\"wp-block-button has-custom-font-size has-medium-font-size\"><a class=\"wp-block-button__link has-background wp-element-button\" href=\"https:\/\/www.ggaparapente.com\/it\/parapendio-tenerife\/volo-del-teide\/\" style=\"border-radius:15px;background-color:#782dfb\"><strong>VEDI ATTIVIT\u00c0<\/strong><\/a><\/div>\n<\/div>\n<\/div><\/div>\n\n\n\n<div class=\"wp-block-cover alignfull\" style=\"min-height:338px;aspect-ratio:unset;\"><span aria-hidden=\"true\" class=\"wp-block-cover__background has-background-dim-100 has-background-dim\" style=\"background-color:#252628\"><\/span><div class=\"wp-block-cover__inner-container is-layout-flow wp-block-cover-is-layout-flow\">\n<h2 class=\"wp-block-heading has-text-align-center\" style=\"font-size:30px;font-style:normal;font-weight:700\">DECOLLO PRINCIPALE LATO NORD<\/h2>\n\n\n\n<h3 class=\"wp-block-heading has-text-align-center has-medium-font-size\"><br><br>Per il decollo \u00e8 necessario un vento di almeno 5 km\/h, preferibilmente nelle direzioni ne, no, o, so o s. Per l'atterraggio, la scelta \u00e8 tra la spiaggia di Martinez, il faro di Puerto De La Cruz o la spiaggia del giardino, a seconda del tempo.<\/h3>\n\n\n\n<div class=\"wp-block-columns is-layout-flex wp-container-core-columns-is-layout-9d6595d7 wp-block-columns-is-layout-flex\">\n<div class=\"wp-block-column is-layout-flow wp-block-column-is-layout-flow\">\n<h2 class=\"wp-block-heading has-text-align-center has-medium-font-size\" style=\"font-style:normal;font-weight:500;text-transform:uppercase\">posizione di decollo lato nord<\/h2>\n\n\n\n<div class=\"wp-block-buttons is-content-justification-center is-layout-flex wp-container-core-buttons-is-layout-16018d1d wp-block-buttons-is-layout-flex\">\n<div class=\"wp-block-button\"><a class=\"wp-block-button__link has-background wp-element-button\" href=\"http:\/\/goo.gl\/maps\/w1sERYDMt7KgsxXt5\" style=\"background-color:#782dfb\" target=\"_blank\" rel=\"noopener\">+<\/a><\/div>\n<\/div>\n<\/div>\n\n\n\n<div class=\"wp-block-column is-layout-flow wp-block-column-is-layout-flow\">\n<h2 class=\"wp-block-heading has-text-align-center has-medium-font-size\" style=\"font-style:normal;font-weight:600;text-transform:uppercase\">posizione del punto di incontro A LA LAGUNA<\/h2>\n\n\n\n<div class=\"wp-block-buttons is-content-justification-center is-layout-flex wp-container-core-buttons-is-layout-16018d1d wp-block-buttons-is-layout-flex\">\n<div class=\"wp-block-button\"><a class=\"wp-block-button__link has-background wp-element-button\" href=\"http:\/\/goo.gl\/maps\/freFbsZGmuhcTVrRA\" style=\"background-color:#782dfb\" target=\"_blank\" rel=\"noopener\">+<\/a><\/div>\n<\/div>\n<\/div>\n\n\n\n<div class=\"wp-block-column is-layout-flow wp-block-column-is-layout-flow\">\n<h2 class=\"wp-block-heading has-text-align-center has-medium-font-size\" style=\"font-style:normal;font-weight:600;text-transform:uppercase\">posizione di PUNTO D'INCONTRO A PUERTO DE LA CRUZ<\/h2>\n\n\n\n<div class=\"wp-block-buttons is-content-justification-center is-layout-flex wp-container-core-buttons-is-layout-16018d1d wp-block-buttons-is-layout-flex\">\n<div class=\"wp-block-button\"><a class=\"wp-block-button__link has-background wp-element-button\" href=\"https:\/\/goo.gl\/maps\/iGtnpp73ELPz9aPA8\" style=\"background-color:#782dfb\" target=\"_blank\" rel=\"noopener\">+<\/a><\/div>\n<\/div>\n<\/div>\n<\/div>\n<\/div><\/div>\n\n\n\n<figure class=\"wp-block-image alignfull size-large\"><img loading=\"lazy\" decoding=\"async\" width=\"1024\" height=\"683\" src=\"https:\/\/www.ggaparapente.com\/wp-content\/uploads\/2019\/11\/IMG_9576-1024x683.jpg\" alt=\"decollo dal teide lato nord\" class=\"wp-image-1364\" title=\"\" srcset=\"https:\/\/www.ggaparapente.com\/wp-content\/uploads\/2019\/11\/IMG_9576-1024x683.jpg 1024w, https:\/\/www.ggaparapente.com\/wp-content\/uploads\/2019\/11\/IMG_9576-300x200.jpg 300w, https:\/\/www.ggaparapente.com\/wp-content\/uploads\/2019\/11\/IMG_9576-768x512.jpg 768w\" sizes=\"auto, (max-width: 1024px) 100vw, 1024px\" \/><figcaption class=\"wp-element-caption\">decollo dal teide lato nord<\/figcaption><\/figure>\n\n\n\n<div class=\"wp-block-cover alignfull\" style=\"min-height:338px;aspect-ratio:unset;\"><span aria-hidden=\"true\" class=\"wp-block-cover__background has-background-dim-100 has-background-dim\" style=\"background-color:#252628\"><\/span><div class=\"wp-block-cover__inner-container is-layout-flow wp-block-cover-is-layout-flow\">\n<h2 class=\"wp-block-heading has-text-align-center\" style=\"font-size:30px;font-style:normal;font-weight:700\">DECOLLO PRINCIPALE LATO SUD DEL TEIDE<\/h2>\n\n\n\n<h3 class=\"wp-block-heading has-text-align-center has-medium-font-size\">Il decollo \u00e8 molto semplice e ampio, di solito si vola con 5 km di vento o pi\u00f9, la direzione del vento: NE, E, S, SE. L'atterraggio \u00e8 di solito sulla spiaggia di G\u00fc\u00edmar o nella valle di G\u00fc\u00edmar.<\/h3>\n\n\n\n<div class=\"wp-block-columns is-layout-flex wp-container-core-columns-is-layout-9d6595d7 wp-block-columns-is-layout-flex\">\n<div class=\"wp-block-column is-layout-flow wp-block-column-is-layout-flow\">\n<h2 class=\"wp-block-heading has-text-align-center has-medium-font-size\" style=\"font-style:normal;font-weight:500;text-transform:uppercase\">posizione di decollo lato sud<\/h2>\n\n\n\n<div class=\"wp-block-buttons is-content-justification-center is-layout-flex wp-container-core-buttons-is-layout-16018d1d wp-block-buttons-is-layout-flex\">\n<div class=\"wp-block-button\"><a class=\"wp-block-button__link has-background wp-element-button\" href=\"https:\/\/goo.gl\/maps\/NKf4UyBEZRh5R8SW8\" style=\"background-color:#782dfb\" target=\"_blank\" rel=\"noopener\">+<\/a><\/div>\n<\/div>\n<\/div>\n\n\n\n<div class=\"wp-block-column is-layout-flow wp-block-column-is-layout-flow\">\n<h2 class=\"wp-block-heading has-text-align-center has-medium-font-size\" style=\"font-style:normal;font-weight:600;text-transform:uppercase\">posizione del punto di incontro nella laguna<\/h2>\n\n\n\n<div class=\"wp-block-buttons is-content-justification-center is-layout-flex wp-container-core-buttons-is-layout-16018d1d wp-block-buttons-is-layout-flex\">\n<div class=\"wp-block-button\"><a class=\"wp-block-button__link has-background wp-element-button\" href=\"http:\/\/goo.gl\/maps\/freFbsZGmuhcTVrRA\" style=\"background-color:#782dfb\" target=\"_blank\" rel=\"noopener\">+<\/a><\/div>\n<\/div>\n<\/div>\n\n\n\n<div class=\"wp-block-column is-layout-flow wp-block-column-is-layout-flow\">\n<h2 class=\"wp-block-heading has-text-align-center has-medium-font-size\" style=\"font-style:normal;font-weight:600;text-transform:uppercase\">posizione del punto di incontro sulla spiaggia di g\u00fcimar<\/h2>\n\n\n\n<div class=\"wp-block-buttons is-content-justification-center is-layout-flex wp-container-core-buttons-is-layout-16018d1d wp-block-buttons-is-layout-flex\">\n<div class=\"wp-block-button\"><a class=\"wp-block-button__link has-background wp-element-button\" href=\"https:\/\/goo.gl\/maps\/1o4gneGK7GuF2Aab7\" style=\"background-color:#782dfb\" target=\"_blank\" rel=\"noopener\">+<\/a><\/div>\n<\/div>\n<\/div>\n<\/div>\n<\/div><\/div>\n\n\n\n<figure class=\"wp-block-image alignfull size-large is-style-default\"><img loading=\"lazy\" decoding=\"async\" width=\"1024\" height=\"683\" src=\"https:\/\/www.ggaparapente.com\/wp-content\/uploads\/2019\/11\/IMG_9452-1024x683.jpg\" alt=\"decollo dal teide lato sud\" class=\"wp-image-1365\" title=\"\" srcset=\"https:\/\/www.ggaparapente.com\/wp-content\/uploads\/2019\/11\/IMG_9452-1024x683.jpg 1024w, https:\/\/www.ggaparapente.com\/wp-content\/uploads\/2019\/11\/IMG_9452-300x200.jpg 300w, https:\/\/www.ggaparapente.com\/wp-content\/uploads\/2019\/11\/IMG_9452-768x512.jpg 768w\" sizes=\"auto, (max-width: 1024px) 100vw, 1024px\" \/><figcaption class=\"wp-element-caption\">decollo dal teide lato sud<\/figcaption><\/figure>\n\n\n\n<div class=\"wp-block-cover alignfull\" style=\"min-height:100px;aspect-ratio:unset;\"><span aria-hidden=\"true\" class=\"wp-block-cover__background has-background-dim-100 has-background-dim\" style=\"background-color:#252628\"><\/span><div class=\"wp-block-cover__inner-container is-layout-flow wp-block-cover-is-layout-flow\">\n<div class=\"wp-block-buttons has-custom-font-size has-small-font-size is-content-justification-center is-layout-flex wp-container-core-buttons-is-layout-16018d1d wp-block-buttons-is-layout-flex\">\n<div class=\"wp-block-button has-custom-width wp-block-button__width-50 is-style-outline is-style-outline--1\"><a class=\"wp-block-button__link has-base-3-color has-text-color has-background wp-element-button\" href=\"https:\/\/www.ggaparapente.com\/it\/reservas\/\" style=\"border-radius:15px;background-color:#ffffff00\"><strong> PRENOTA ORA<\/strong><\/a><\/div>\n\n\n\n<div class=\"wp-block-button has-custom-width wp-block-button__width-50 is-style-outline is-style-outline--2\"><a class=\"wp-block-button__link has-base-3-color has-text-color has-background wp-element-button\" href=\"https:\/\/www.ggaparapente.com\/it\/buono-regalo\/\" style=\"border-radius:15px;background-color:#ffffff00\"><strong>BIGLIETTO REGALO<\/strong><\/a><\/div>\n<\/div>\n\n\n\n<div style=\"height:15px\" aria-hidden=\"true\" class=\"wp-block-spacer\"><\/div>\n\n\n\n<div class=\"wp-block-buttons is-content-justification-center is-layout-flex wp-container-core-buttons-is-layout-16018d1d wp-block-buttons-is-layout-flex\">\n<div class=\"wp-block-button has-custom-font-size is-style-outline has-small-font-size is-style-outline--3\"><a class=\"wp-block-button__link has-base-3-color has-text-color has-background wp-element-button\" href=\"https:\/\/www.ggaparapente.com\/it\/parapendio-tenerife\/siti-di-volo-in-parapendio-a-tenerife\/\" style=\"border-radius:15px;background-color:#00000000\"><strong>Torna ai decolli in parapendio a tenerife<\/strong><\/a><\/div>\n<\/div>\n<\/div><\/div>","protected":false},"excerpt":{"rendered":"<p>Situato ad un'altitudine di 2200 m, \u00e8 considerato il decollo pi\u00f9 alto della Spagna, di solito con un mare di nuvole ed \u00e8 un'esperienza impressionante che tutti dovrebbero vivere una volta nella vita, se vi trovate a Tenerife non potete perdervi questo volo. Il decollo principale avviene dal lato NORD del Teide.<\/p>","protected":false},"author":1,"featured_media":2423,"comment_status":"closed","ping_status":"closed","sticky":false,"template":"","format":"standard","meta":{"_monsterinsights_skip_tracking":false,"_monsterinsights_sitenote_active":false,"_monsterinsights_sitenote_note":"","_monsterinsights_sitenote_category":0,"footnotes":""},"categories":[19],"tags":[],"class_list":["post-914","post","type-post","status-publish","format-standard","has-post-thumbnail","hentry","category-zonas-de-vuelo-en-parapente-en-tenerife"],"_links":{"self":[{"href":"https:\/\/www.ggaparapente.com\/it\/wp-json\/wp\/v2\/posts\/914","targetHints":{"allow":["GET"]}}],"collection":[{"href":"https:\/\/www.ggaparapente.com\/it\/wp-json\/wp\/v2\/posts"}],"about":[{"href":"https:\/\/www.ggaparapente.com\/it\/wp-json\/wp\/v2\/types\/post"}],"author":[{"embeddable":true,"href":"https:\/\/www.ggaparapente.com\/it\/wp-json\/wp\/v2\/users\/1"}],"replies":[{"embeddable":true,"href":"https:\/\/www.ggaparapente.com\/it\/wp-json\/wp\/v2\/comments?post=914"}],"version-history":[{"count":0,"href":"https:\/\/www.ggaparapente.com\/it\/wp-json\/wp\/v2\/posts\/914\/revisions"}],"wp:featuredmedia":[{"embeddable":true,"href":"https:\/\/www.ggaparapente.com\/it\/wp-json\/wp\/v2\/media\/2423"}],"wp:attachment":[{"href":"https:\/\/www.ggaparapente.com\/it\/wp-json\/wp\/v2\/media?parent=914"}],"wp:term":[{"taxonomy":"category","embeddable":true,"href":"https:\/\/www.ggaparapente.com\/it\/wp-json\/wp\/v2\/categories?post=914"},{"taxonomy":"post_tag","embeddable":true,"href":"https:\/\/www.ggaparapente.com\/it\/wp-json\/wp\/v2\/tags?post=914"}],"curies":[{"name":"wp","href":"https:\/\/api.w.org\/{rel}","templated":true}]}}