{"id":897,"date":"2020-10-08T23:49:00","date_gmt":"2020-10-08T23:49:00","guid":{"rendered":"https:\/\/www.ggaparapente.com\/?p=897"},"modified":"2025-04-29T18:43:10","modified_gmt":"2025-04-29T18:43:10","slug":"guimar","status":"publish","type":"post","link":"https:\/\/www.ggaparapente.com\/it\/parapendio-tenerife\/siti-di-volo-in-parapendio-a-tenerife\/guimar\/","title":{"rendered":"Decolli: G\u00fc\u00edmar"},"content":{"rendered":"<div class=\"wp-block-cover alignfull wp-elements-024798dd3cc15d88bc4492c8b7309ff2 wp-duotone-unset-1\"><img loading=\"lazy\" decoding=\"async\" width=\"2048\" height=\"1152\" class=\"wp-block-cover__image-background wp-image-4660 size-full\" alt=\"parapendio a guimar\" src=\"https:\/\/www.ggaparapente.com\/wp-content\/uploads\/2020\/10\/vuelo-de-parapente-en-guimar.png\" data-object-fit=\"cover\" title=\"\" srcset=\"https:\/\/www.ggaparapente.com\/wp-content\/uploads\/2020\/10\/vuelo-de-parapente-en-guimar.png 2048w, https:\/\/www.ggaparapente.com\/wp-content\/uploads\/2020\/10\/vuelo-de-parapente-en-guimar-300x169.png 300w, https:\/\/www.ggaparapente.com\/wp-content\/uploads\/2020\/10\/vuelo-de-parapente-en-guimar-1024x576.png 1024w, https:\/\/www.ggaparapente.com\/wp-content\/uploads\/2020\/10\/vuelo-de-parapente-en-guimar-768x432.png 768w, https:\/\/www.ggaparapente.com\/wp-content\/uploads\/2020\/10\/vuelo-de-parapente-en-guimar-1536x864.png 1536w\" sizes=\"auto, (max-width: 2048px) 100vw, 2048px\" \/><span aria-hidden=\"true\" class=\"wp-block-cover__background has-background-dim-60 has-background-dim\"><\/span><div class=\"wp-block-cover__inner-container is-layout-flow wp-block-cover-is-layout-flow\">\n<h1 class=\"wp-block-heading has-text-align-center has-base-3-color has-text-color has-link-color has-large-font-size wp-elements-b7007f652308ec8d1ce632171ace8173\"><strong>Decolli: G\u00fc\u00edmar<\/strong><\/h1>\n\n\n\n<h1 class=\"wp-block-heading has-text-align-center has-medium-font-size\"><strong>Parapendio in<\/strong> <strong>G\u00fc\u00edmar<\/strong><\/h1>\n\n\n\n<p class=\"has-text-align-center has-base-3-color has-text-color has-link-color wp-elements-402c8036f0ececdef28a7f1ffe8932d6\">Il decollo in parapendio di <strong>G\u00fc\u00edmar<\/strong>, a circa <strong>800 metri di altitudine<\/strong>, offerte <strong>viste spettacolari su quasi tutto il versante sud di Tenerife<\/strong> e la valle di G\u00fc\u00edmar. \u00c8 ideale per <strong>voli di battesimo<\/strong>, con condizioni ottimali quando il <strong>il vento soffia da nord-est o da nord-ovest<\/strong>, entrando da <strong>faccia per il decollo<\/strong>. Il volo si conclude di solito con un atterraggio morbido nel <strong>Spiaggia di G\u00fc\u00edmar<\/strong>.<\/p>\n\n\n\n<p class=\"has-text-align-center\"><br>Per vedere l'attivit\u00e0, il prezzo e ulteriori informazioni sui voli in parapendio tandem, cliccate su \u00abvedi attivit\u00e0\u00bb.\u00bb<\/p>\n\n\n\n<div class=\"wp-block-buttons is-content-justification-center is-layout-flex wp-container-core-buttons-is-layout-16018d1d wp-block-buttons-is-layout-flex\">\n<div class=\"wp-block-button\"><a class=\"wp-block-button__link has-background has-medium-font-size has-custom-font-size wp-element-button\" href=\"https:\/\/www.ggaparapente.com\/it\/parapendio-tenerife\/voli-in-parapendio-tenerife-nord\/\" style=\"border-radius:15px;background-color:#782dfb\"><strong>VEDI ATTIVIT\u00c0<\/strong><\/a><\/div>\n<\/div>\n<\/div><\/div>\n\n\n\n<div class=\"wp-block-cover alignfull\" style=\"min-height:338px;aspect-ratio:unset;\"><span aria-hidden=\"true\" class=\"wp-block-cover__background has-background-dim-100 has-background-dim\" style=\"background-color:#252628\"><\/span><div class=\"wp-block-cover__inner-container is-layout-flow wp-block-cover-is-layout-flow\">\n<h2 class=\"wp-block-heading has-text-align-center\" style=\"font-size:30px;font-style:normal;font-weight:700\">PRESA PRINCIPALE <\/h2>\n\n\n\n<h3 class=\"wp-block-heading has-text-align-center has-medium-font-size\" style=\"font-style:normal;font-weight:600\"><br><br>A <strong>G\u00fc\u00edmar<\/strong>, viene volato principalmente con vento da <strong>nord-est e nord-ovest<\/strong>, che entra da <strong>faccia per il decollo<\/strong>, Questo crea condizioni favorevoli al volo. Il decollo avviene a <strong>800 metri di altitudine<\/strong>, e il volo pu\u00f2 essere sia <strong>dinamico<\/strong> come <strong>termico<\/strong>, a seconda delle condizioni del giorno. Il <strong>velocit\u00e0 ideale del vento<\/strong> varia tra <strong>0 km\/h e 15 km\/h o pi\u00f9<\/strong>, a seconda del tipo di parapendio e dell'esperienza del pilota.<\/h3>\n\n\n\n<div class=\"wp-block-columns is-layout-flex wp-container-core-columns-is-layout-9d6595d7 wp-block-columns-is-layout-flex\">\n<div class=\"wp-block-column is-layout-flow wp-block-column-is-layout-flow\">\n<h2 class=\"wp-block-heading has-text-align-center has-medium-font-size\" style=\"font-style:normal;font-weight:600;text-transform:uppercase\">luogo di PARTENZA<\/h2>\n\n\n\n<div class=\"wp-block-buttons is-content-justification-center is-layout-flex wp-container-core-buttons-is-layout-16018d1d wp-block-buttons-is-layout-flex\">\n<div class=\"wp-block-button\"><a class=\"wp-block-button__link has-background wp-element-button\" href=\"https:\/\/goo.gl\/maps\/rY76xZEnjf6F4Upn8\" style=\"background-color:#782dfb\" target=\"_blank\" rel=\"noopener\">+<\/a><\/div>\n<\/div>\n<\/div>\n\n\n\n<div class=\"wp-block-column is-layout-flow wp-block-column-is-layout-flow\">\n<h2 class=\"wp-block-heading has-text-align-center has-medium-font-size\" style=\"font-style:normal;font-weight:600;text-transform:uppercase\">ubicazione del PUNTO D'INCONTRO <\/h2>\n\n\n\n<div class=\"wp-block-buttons is-content-justification-center is-layout-flex wp-container-core-buttons-is-layout-16018d1d wp-block-buttons-is-layout-flex\">\n<div class=\"wp-block-button\"><a class=\"wp-block-button__link has-background wp-element-button\" href=\"https:\/\/goo.gl\/maps\/1o4gneGK7GuF2Aab7\" style=\"background-color:#782dfb\" target=\"_blank\" rel=\"noopener\">+<\/a><\/div>\n<\/div>\n<\/div>\n<\/div>\n<\/div><\/div>\n\n\n\n<div class=\"wp-block-cover alignfull\" style=\"min-height:100px;aspect-ratio:unset;\"><span aria-hidden=\"true\" class=\"wp-block-cover__background has-background-dim-100 has-background-dim\" style=\"background-color:#252628\"><\/span><div class=\"wp-block-cover__inner-container is-layout-flow wp-block-cover-is-layout-flow\">\n<div class=\"wp-block-buttons has-custom-font-size has-small-font-size is-content-justification-center is-layout-flex wp-container-core-buttons-is-layout-16018d1d wp-block-buttons-is-layout-flex\">\n<div class=\"wp-block-button has-custom-width wp-block-button__width-50 is-style-outline is-style-outline--2\"><a class=\"wp-block-button__link has-base-3-color has-text-color has-background wp-element-button\" href=\"https:\/\/www.ggaparapente.com\/it\/reservas\/\" style=\"border-radius:15px;background-color:#ffffff00\"><strong> PRENOTA ORA<\/strong><\/a><\/div>\n\n\n\n<div class=\"wp-block-button has-custom-width wp-block-button__width-50 is-style-outline is-style-outline--3\"><a class=\"wp-block-button__link has-base-3-color has-text-color has-background wp-element-button\" href=\"https:\/\/www.ggaparapente.com\/it\/buono-regalo\/\" style=\"border-radius:15px;background-color:#ffffff00\"><strong>BIGLIETTO REGALO<\/strong><\/a><\/div>\n<\/div>\n\n\n\n<div style=\"height:15px\" aria-hidden=\"true\" class=\"wp-block-spacer\"><\/div>\n\n\n\n<div class=\"wp-block-buttons is-content-justification-center is-layout-flex wp-container-core-buttons-is-layout-16018d1d wp-block-buttons-is-layout-flex\">\n<div class=\"wp-block-button is-style-outline is-style-outline--4\"><a class=\"wp-block-button__link has-base-3-color has-text-color has-background has-small-font-size has-custom-font-size wp-element-button\" href=\"https:\/\/www.ggaparapente.com\/it\/parapendio-tenerife\/siti-di-volo-in-parapendio-a-tenerife\/\" style=\"border-radius:15px;background-color:#00000000\"><strong>Torna ai decolli in parapendio a tenerife<\/strong><\/a><\/div>\n<\/div>\n<\/div><\/div>","protected":false},"excerpt":{"rendered":"<p>Il decollo del parapendio di G\u00fcimar, situato a 800 metri di altezza con una vista mozzafiato su tutta la valle, \u00e8 ideale per un volo di battesimo, con atterraggio sulla spiaggia di G\u00fcimar. Viene utilizzato quando i venti a questa altitudine provengono dalle direzioni nord-est e nord-ovest.<\/p>","protected":false},"author":1,"featured_media":4660,"comment_status":"closed","ping_status":"closed","sticky":false,"template":"","format":"standard","meta":{"_monsterinsights_skip_tracking":false,"_monsterinsights_sitenote_active":false,"_monsterinsights_sitenote_note":"","_monsterinsights_sitenote_category":0,"footnotes":""},"categories":[19],"tags":[],"class_list":["post-897","post","type-post","status-publish","format-standard","has-post-thumbnail","hentry","category-zonas-de-vuelo-en-parapente-en-tenerife"],"_links":{"self":[{"href":"https:\/\/www.ggaparapente.com\/it\/wp-json\/wp\/v2\/posts\/897","targetHints":{"allow":["GET"]}}],"collection":[{"href":"https:\/\/www.ggaparapente.com\/it\/wp-json\/wp\/v2\/posts"}],"about":[{"href":"https:\/\/www.ggaparapente.com\/it\/wp-json\/wp\/v2\/types\/post"}],"author":[{"embeddable":true,"href":"https:\/\/www.ggaparapente.com\/it\/wp-json\/wp\/v2\/users\/1"}],"replies":[{"embeddable":true,"href":"https:\/\/www.ggaparapente.com\/it\/wp-json\/wp\/v2\/comments?post=897"}],"version-history":[{"count":0,"href":"https:\/\/www.ggaparapente.com\/it\/wp-json\/wp\/v2\/posts\/897\/revisions"}],"wp:featuredmedia":[{"embeddable":true,"href":"https:\/\/www.ggaparapente.com\/it\/wp-json\/wp\/v2\/media\/4660"}],"wp:attachment":[{"href":"https:\/\/www.ggaparapente.com\/it\/wp-json\/wp\/v2\/media?parent=897"}],"wp:term":[{"taxonomy":"category","embeddable":true,"href":"https:\/\/www.ggaparapente.com\/it\/wp-json\/wp\/v2\/categories?post=897"},{"taxonomy":"post_tag","embeddable":true,"href":"https:\/\/www.ggaparapente.com\/it\/wp-json\/wp\/v2\/tags?post=897"}],"curies":[{"name":"wp","href":"https:\/\/api.w.org\/{rel}","templated":true}]}}