{"id":5616,"date":"2024-03-16T11:05:30","date_gmt":"2024-03-16T11:05:30","guid":{"rendered":"https:\/\/www.ggaparapente.com\/?p=5616"},"modified":"2025-04-29T18:16:05","modified_gmt":"2025-04-29T18:16:05","slug":"decollo-parapendio-arafo","status":"publish","type":"post","link":"https:\/\/www.ggaparapente.com\/it\/parapendio-tenerife\/siti-di-volo-in-parapendio-a-tenerife\/decollo-parapendio-arafo\/","title":{"rendered":"Decollo del parapendio ad Arafo"},"content":{"rendered":"<div class=\"wp-block-cover alignfull wp-elements-ea878e582ae63b3dd490ca82f23800a8\"><img loading=\"lazy\" decoding=\"async\" width=\"2048\" height=\"1536\" class=\"wp-block-cover__image-background wp-image-5617\" alt=\"\" src=\"https:\/\/www.ggaparapente.com\/wp-content\/uploads\/2024\/03\/despegue-de-arafo-scaled.jpg\" data-object-fit=\"cover\" title=\"\" srcset=\"https:\/\/www.ggaparapente.com\/wp-content\/uploads\/2024\/03\/despegue-de-arafo-scaled.jpg 2048w, https:\/\/www.ggaparapente.com\/wp-content\/uploads\/2024\/03\/despegue-de-arafo-300x225.jpg 300w, https:\/\/www.ggaparapente.com\/wp-content\/uploads\/2024\/03\/despegue-de-arafo-1024x768.jpg 1024w, https:\/\/www.ggaparapente.com\/wp-content\/uploads\/2024\/03\/despegue-de-arafo-768x576.jpg 768w, https:\/\/www.ggaparapente.com\/wp-content\/uploads\/2024\/03\/despegue-de-arafo-1536x1152.jpg 1536w\" sizes=\"auto, (max-width: 2048px) 100vw, 2048px\" \/><span aria-hidden=\"true\" class=\"wp-block-cover__background has-background-dim-20 has-background-dim\"><\/span><div class=\"wp-block-cover__inner-container is-layout-flow wp-block-cover-is-layout-flow\">\n<h2 class=\"wp-block-heading has-text-align-center has-base-3-color has-text-color has-link-color has-large-font-size wp-elements-ec8e1f0309a505c7b3084e6744d4151b\"><strong>Decollo: Arafo<\/strong><\/h2>\n\n\n\n<h1 class=\"wp-block-heading has-text-align-center has-medium-font-size\"><strong>Parapendio <\/strong>ad Arafo<\/h1>\n\n\n\n<p class=\"has-text-align-center has-base-3-color has-text-color has-link-color wp-elements-1c1bcf9ae0f48549011f649315b2d8a5\"><br><strong>Il decollo ad Arafo offre un'emozionante opportunit\u00e0 di contemplare dal cielo la bellezza della cresta meridionale di Tenerife. Da un'altitudine di circa 1100 metri sul livello del mare, i partecipanti possono godere di una vista mozzafiato che spazia dalle cime di Anaga alla vivace citt\u00e0 di Santa Cruz de Tenerife e agli incantevoli paesaggi di G\u00fc\u00edmar. Questa esperienza unica offre una prospettiva impareggiabile della costa meridionale dell'isola, con le sue impressionanti scogliere, le spiagge pittoresche e gli incantevoli villaggi costieri. Inoltre, \u00e8 importante notare che questo decollo ad Arafo \u00e8 il secondo volo pi\u00f9 alto dell'isola di Tenerife, aggiungendo un ulteriore livello di emozione e avventura per coloro che osano volare. Al termine del volo, gli avventurieri atterrano a Las Caletillas o a Playa Punta Larga, dove possono rilassarsi e riflettere sull'emozionante avventura appena vissuta.<\/strong><\/p>\n\n\n\n<p class=\"has-text-align-center\"><br>Per vedere l'attivit\u00e0, il prezzo e ulteriori informazioni sui voli in parapendio tandem, cliccate su \u00abvedi attivit\u00e0\u00bb.\u00bb<\/p>\n\n\n\n<div class=\"wp-block-buttons is-content-justification-center is-layout-flex wp-container-core-buttons-is-layout-16018d1d wp-block-buttons-is-layout-flex\">\n<div class=\"wp-block-button\"><a class=\"wp-block-button__link has-background has-medium-font-size has-custom-font-size wp-element-button\" href=\"https:\/\/www.ggaparapente.com\/it\/parapendio-tenerife\/volo-del-teide\/\" style=\"border-radius:15px;background-color:#782dfb\"><strong>VEDI ATTIVIT\u00c0<\/strong><\/a><\/div>\n<\/div>\n<\/div><\/div>\n\n\n\n<div class=\"wp-block-cover alignfull\" style=\"min-height:338px;aspect-ratio:unset;\"><span aria-hidden=\"true\" class=\"wp-block-cover__background has-background-dim-100 has-background-dim\" style=\"background-color:#252628\"><\/span><div class=\"wp-block-cover__inner-container is-layout-flow wp-block-cover-is-layout-flow\">\n<h2 class=\"wp-block-heading has-text-align-center\" style=\"font-size:30px;font-style:normal;font-weight:700\">PRESA PRINCIPALE <\/h2>\n\n\n\n<h3 class=\"wp-block-heading has-text-align-center has-medium-font-size\" style=\"font-style:normal;font-weight:600\"><br><br>Per volare in sicurezza ad Arafo sono necessarie condizioni di vento favorevoli. Le direzioni del vento che possono funzionare sono da nord-est, est, sud e sud-est. La velocit\u00e0 del vento pu\u00f2 variare da 0 km\/h a 16 km\/h o pi\u00f9, a seconda del tipo di parapendio e dell'abilit\u00e0 del pilota. \u00c8 importante considerare il vento sulla costa, poich\u00e9 il lato sud pu\u00f2 agire come un imbuto, aumentando la velocit\u00e0 del vento.<\/h3>\n\n\n\n<div class=\"wp-block-columns is-layout-flex wp-container-core-columns-is-layout-9d6595d7 wp-block-columns-is-layout-flex\">\n<div class=\"wp-block-column is-layout-flow wp-block-column-is-layout-flow\">\n<h2 class=\"wp-block-heading has-text-align-center has-medium-font-size\" style=\"font-style:normal;font-weight:600;text-transform:uppercase\">luogo di PARTENZA<\/h2>\n\n\n\n<div class=\"wp-block-buttons is-content-justification-center is-layout-flex wp-container-core-buttons-is-layout-16018d1d wp-block-buttons-is-layout-flex\">\n<div class=\"wp-block-button\"><a class=\"wp-block-button__link has-background wp-element-button\" href=\"https:\/\/maps.app.goo.gl\/qnL3kn6Fc72FkZHC6\" style=\"background-color:#782dfb\" target=\"_blank\" rel=\"noopener\">+<\/a><\/div>\n<\/div>\n<\/div>\n\n\n\n<div class=\"wp-block-column is-layout-flow wp-block-column-is-layout-flow\">\n<h2 class=\"wp-block-heading has-text-align-center has-medium-font-size\" style=\"font-style:normal;font-weight:600;text-transform:uppercase\">ubicazione del PUNTO D'INCONTRO <\/h2>\n\n\n\n<div class=\"wp-block-buttons is-content-justification-center is-layout-flex wp-container-core-buttons-is-layout-16018d1d wp-block-buttons-is-layout-flex\">\n<div class=\"wp-block-button\"><a class=\"wp-block-button__link has-background wp-element-button\" href=\"https:\/\/maps.app.goo.gl\/a7RkqCbNUotytt8a7\" style=\"background-color:#782dfb\" target=\"_blank\" rel=\"noopener\">+<\/a><\/div>\n<\/div>\n<\/div>\n<\/div>\n<\/div><\/div>\n\n\n\n<div class=\"wp-block-cover alignfull\" style=\"min-height:100px;aspect-ratio:unset;\"><span aria-hidden=\"true\" class=\"wp-block-cover__background has-background-dim-100 has-background-dim\" style=\"background-color:#252628\"><\/span><div class=\"wp-block-cover__inner-container is-layout-flow wp-block-cover-is-layout-flow\">\n<div class=\"wp-block-buttons has-custom-font-size has-small-font-size is-content-justification-center is-layout-flex wp-container-core-buttons-is-layout-16018d1d wp-block-buttons-is-layout-flex\">\n<div class=\"wp-block-button has-custom-width wp-block-button__width-50 is-style-outline is-style-outline--1\"><a class=\"wp-block-button__link has-base-3-color has-text-color has-background wp-element-button\" href=\"https:\/\/www.ggaparapente.com\/it\/reservas\/\" style=\"border-radius:15px;background-color:#ffffff00\"><strong> PRENOTA ORA<\/strong><\/a><\/div>\n\n\n\n<div class=\"wp-block-button has-custom-width wp-block-button__width-50 is-style-outline is-style-outline--2\"><a class=\"wp-block-button__link has-base-3-color has-text-color has-background wp-element-button\" href=\"https:\/\/www.ggaparapente.com\/it\/buono-regalo\/\" style=\"border-radius:15px;background-color:#ffffff00\"><strong>BIGLIETTO REGALO<\/strong><\/a><\/div>\n<\/div>\n\n\n\n<div style=\"height:15px\" aria-hidden=\"true\" class=\"wp-block-spacer\"><\/div>\n\n\n\n<div class=\"wp-block-buttons is-content-justification-center is-layout-flex wp-container-core-buttons-is-layout-16018d1d wp-block-buttons-is-layout-flex\">\n<div class=\"wp-block-button is-style-outline is-style-outline--3\"><a class=\"wp-block-button__link has-base-3-color has-text-color has-background has-small-font-size has-custom-font-size wp-element-button\" href=\"https:\/\/www.ggaparapente.com\/it\/parapendio-tenerife\/siti-di-volo-in-parapendio-a-tenerife\/\" style=\"border-radius:15px;background-color:#00000000\"><strong>Torna ai decolli in parapendio a tenerife<\/strong><\/a><\/div>\n<\/div>\n<\/div><\/div>","protected":false},"excerpt":{"rendered":"<p>Il decollo ad Arafo offre una vista mozzafiato sulla cresta meridionale di Tenerife da un'altitudine di 1100 metri. \u00c8 il secondo volo pi\u00f9 alto dell'isola e offre un'esperienza emozionante. Al termine, gli avventurieri atterrano a Las Caletillas o a Playa Punta Larga per rilassarsi e riflettere sulla loro avventura.<\/p>","protected":false},"author":2,"featured_media":5617,"comment_status":"closed","ping_status":"closed","sticky":false,"template":"","format":"standard","meta":{"_monsterinsights_skip_tracking":false,"_monsterinsights_sitenote_active":false,"_monsterinsights_sitenote_note":"","_monsterinsights_sitenote_category":0,"footnotes":""},"categories":[19],"tags":[],"class_list":["post-5616","post","type-post","status-publish","format-standard","has-post-thumbnail","hentry","category-zonas-de-vuelo-en-parapente-en-tenerife"],"_links":{"self":[{"href":"https:\/\/www.ggaparapente.com\/it\/wp-json\/wp\/v2\/posts\/5616","targetHints":{"allow":["GET"]}}],"collection":[{"href":"https:\/\/www.ggaparapente.com\/it\/wp-json\/wp\/v2\/posts"}],"about":[{"href":"https:\/\/www.ggaparapente.com\/it\/wp-json\/wp\/v2\/types\/post"}],"author":[{"embeddable":true,"href":"https:\/\/www.ggaparapente.com\/it\/wp-json\/wp\/v2\/users\/2"}],"replies":[{"embeddable":true,"href":"https:\/\/www.ggaparapente.com\/it\/wp-json\/wp\/v2\/comments?post=5616"}],"version-history":[{"count":0,"href":"https:\/\/www.ggaparapente.com\/it\/wp-json\/wp\/v2\/posts\/5616\/revisions"}],"wp:featuredmedia":[{"embeddable":true,"href":"https:\/\/www.ggaparapente.com\/it\/wp-json\/wp\/v2\/media\/5617"}],"wp:attachment":[{"href":"https:\/\/www.ggaparapente.com\/it\/wp-json\/wp\/v2\/media?parent=5616"}],"wp:term":[{"taxonomy":"category","embeddable":true,"href":"https:\/\/www.ggaparapente.com\/it\/wp-json\/wp\/v2\/categories?post=5616"},{"taxonomy":"post_tag","embeddable":true,"href":"https:\/\/www.ggaparapente.com\/it\/wp-json\/wp\/v2\/tags?post=5616"}],"curies":[{"name":"wp","href":"https:\/\/api.w.org\/{rel}","templated":true}]}}