{"id":5562,"date":"2020-09-15T12:23:44","date_gmt":"2020-09-15T12:23:44","guid":{"rendered":"https:\/\/www.ggaparapente.com\/?p=5562"},"modified":"2025-04-29T19:01:50","modified_gmt":"2025-04-29T19:01:50","slug":"decollo-di-barranco-hondo","status":"publish","type":"post","link":"https:\/\/www.ggaparapente.com\/it\/parapendio-tenerife\/siti-di-volo-in-parapendio-a-tenerife\/decollo-di-barranco-hondo\/","title":{"rendered":"Decollo: Barranco Hondo"},"content":{"rendered":"<div class=\"wp-block-cover alignfull wp-elements-72344c998a9af8fb9c281fad3f1694eb wp-duotone-unset-1\"><img loading=\"lazy\" decoding=\"async\" width=\"2048\" height=\"1540\" class=\"wp-block-cover__image-background wp-image-5561 size-full\" alt=\"\" src=\"https:\/\/www.ggaparapente.com\/wp-content\/uploads\/2023\/09\/despegue-de-parapente-de-barranco-hondo-scaled.jpg\" data-object-fit=\"cover\" title=\"\" srcset=\"https:\/\/www.ggaparapente.com\/wp-content\/uploads\/2023\/09\/despegue-de-parapente-de-barranco-hondo-scaled.jpg 2048w, https:\/\/www.ggaparapente.com\/wp-content\/uploads\/2023\/09\/despegue-de-parapente-de-barranco-hondo-300x226.jpg 300w, https:\/\/www.ggaparapente.com\/wp-content\/uploads\/2023\/09\/despegue-de-parapente-de-barranco-hondo-1024x770.jpg 1024w, https:\/\/www.ggaparapente.com\/wp-content\/uploads\/2023\/09\/despegue-de-parapente-de-barranco-hondo-768x577.jpg 768w, https:\/\/www.ggaparapente.com\/wp-content\/uploads\/2023\/09\/despegue-de-parapente-de-barranco-hondo-1536x1155.jpg 1536w\" sizes=\"auto, (max-width: 2048px) 100vw, 2048px\" \/><span aria-hidden=\"true\" class=\"wp-block-cover__background has-background-dim-60 has-background-dim\"><\/span><div class=\"wp-block-cover__inner-container is-layout-flow wp-block-cover-is-layout-flow\">\n<h1 class=\"wp-block-heading has-text-align-center has-base-3-color has-text-color has-link-color has-large-font-size wp-elements-594184db329bed1e1985183ffb74e3ca\"><strong>Decollo:<\/strong> <strong>Barranco Hondo<\/strong><\/h1>\n\n\n\n<h1 class=\"wp-block-heading has-text-align-center has-medium-font-size\"><strong>Parapendio in <strong>Barranco Hondo<\/strong><\/strong><\/h1>\n\n\n\n<p class=\"has-text-align-center has-base-3-color has-text-color has-link-color wp-elements-69fe6ded2291d1e91aba17557f59461a\"><br><strong>Il decollo in parapendio a Barranco Hondo, Tenerife, a 600 metri di altezza, offre una vista mozzafiato sulla costa. Durante il volo, potrete ammirare le acque cristalline della spiaggia di Punta Larga, con vista su Caletillas e Candelaria.<\/strong><\/p>\n\n\n\n<p class=\"has-text-align-center\"><br>Per vedere l'attivit\u00e0, il prezzo e ulteriori informazioni sui voli in parapendio tandem, cliccate su \u00abvedi attivit\u00e0\u00bb.\u00bb<\/p>\n\n\n\n<div class=\"wp-block-buttons is-content-justification-center is-layout-flex wp-container-core-buttons-is-layout-16018d1d wp-block-buttons-is-layout-flex\">\n<div class=\"wp-block-button\"><a class=\"wp-block-button__link has-background has-medium-font-size has-custom-font-size wp-element-button\" href=\"https:\/\/www.ggaparapente.com\/it\/parapendio-tenerife\/voli-in-parapendio-tenerife-nord\/\" style=\"border-radius:15px;background-color:#782dfb\"><strong>VEDI ATTIVIT\u00c0<\/strong><\/a><\/div>\n<\/div>\n<\/div><\/div>\n\n\n\n<div class=\"wp-block-cover alignfull\" style=\"min-height:338px;aspect-ratio:unset;\"><span aria-hidden=\"true\" class=\"wp-block-cover__background has-background-dim-100 has-background-dim\" style=\"background-color:#252628\"><\/span><div class=\"wp-block-cover__inner-container is-layout-flow wp-block-cover-is-layout-flow\">\n<h2 class=\"wp-block-heading has-text-align-center\" style=\"font-size:30px;font-style:normal;font-weight:700\">PRESA PRINCIPALE <\/h2>\n\n\n\n<h3 class=\"wp-block-heading has-text-align-center has-medium-font-size\" style=\"font-style:normal;font-weight:600\"><br><br><strong>Per decollare a Barranco Hondo \u00e8 necessario un vento di almeno 8 km\/h da sud o sud-est. Senza vento, il decollo \u00e8 scomodo, perch\u00e9 non c'\u00e8 molto spazio per correre. L'atterraggio a Punta Larga dipende dal tipo di parapendio utilizzato e dall'esperienza del pilota.<\/strong><\/h3>\n\n\n\n<div class=\"wp-block-columns is-layout-flex wp-container-core-columns-is-layout-9d6595d7 wp-block-columns-is-layout-flex\">\n<div class=\"wp-block-column is-layout-flow wp-block-column-is-layout-flow\">\n<h2 class=\"wp-block-heading has-text-align-center has-medium-font-size\" style=\"font-style:normal;font-weight:600;text-transform:uppercase\">luogo di PARTENZA<\/h2>\n\n\n\n<div class=\"wp-block-buttons is-content-justification-center is-layout-flex wp-container-core-buttons-is-layout-16018d1d wp-block-buttons-is-layout-flex\">\n<div class=\"wp-block-button\"><a class=\"wp-block-button__link has-background wp-element-button\" href=\"https:\/\/maps.app.goo.gl\/ofvFhMHryfceZ5AU9\" style=\"background-color:#782dfb\" target=\"_blank\" rel=\"noopener\">+<\/a><\/div>\n<\/div>\n<\/div>\n\n\n\n<div class=\"wp-block-column is-layout-flow wp-block-column-is-layout-flow\">\n<h2 class=\"wp-block-heading has-text-align-center has-medium-font-size\" style=\"font-style:normal;font-weight:600;text-transform:uppercase\">ubicazione del PUNTO D'INCONTRO <\/h2>\n\n\n\n<div class=\"wp-block-buttons is-content-justification-center is-layout-flex wp-container-core-buttons-is-layout-16018d1d wp-block-buttons-is-layout-flex\">\n<div class=\"wp-block-button\"><a class=\"wp-block-button__link has-background wp-element-button\" href=\"https:\/\/maps.app.goo.gl\/phRkYTtj3od6xgPo8\" style=\"background-color:#782dfb\" target=\"_blank\" rel=\"noopener\">+<\/a><\/div>\n<\/div>\n<\/div>\n<\/div>\n<\/div><\/div>\n\n\n\n<div class=\"wp-block-cover alignfull\" style=\"min-height:100px;aspect-ratio:unset;\"><span aria-hidden=\"true\" class=\"wp-block-cover__background has-background-dim-100 has-background-dim\" style=\"background-color:#252628\"><\/span><div class=\"wp-block-cover__inner-container is-layout-flow wp-block-cover-is-layout-flow\">\n<div class=\"wp-block-buttons has-custom-font-size has-small-font-size is-content-justification-center is-layout-flex wp-container-core-buttons-is-layout-16018d1d wp-block-buttons-is-layout-flex\">\n<div class=\"wp-block-button has-custom-width wp-block-button__width-50 is-style-outline is-style-outline--2\"><a class=\"wp-block-button__link has-base-3-color has-text-color has-background wp-element-button\" href=\"https:\/\/www.ggaparapente.com\/it\/reservas\/\" style=\"border-radius:15px;background-color:#ffffff00\"><strong> PRENOTA ORA<\/strong><\/a><\/div>\n\n\n\n<div class=\"wp-block-button has-custom-width wp-block-button__width-50 is-style-outline is-style-outline--3\"><a class=\"wp-block-button__link has-base-3-color has-text-color has-background wp-element-button\" href=\"https:\/\/www.ggaparapente.com\/it\/buono-regalo\/\" style=\"border-radius:15px;background-color:#ffffff00\"><strong>BIGLIETTO REGALO<\/strong><\/a><\/div>\n<\/div>\n\n\n\n<div style=\"height:15px\" aria-hidden=\"true\" class=\"wp-block-spacer\"><\/div>\n\n\n\n<div class=\"wp-block-buttons is-content-justification-center is-layout-flex wp-container-core-buttons-is-layout-16018d1d wp-block-buttons-is-layout-flex\">\n<div class=\"wp-block-button is-style-outline is-style-outline--4\"><a class=\"wp-block-button__link has-base-3-color has-text-color has-background has-small-font-size has-custom-font-size wp-element-button\" href=\"https:\/\/www.ggaparapente.com\/it\/parapendio-tenerife\/siti-di-volo-in-parapendio-a-tenerife\/\" style=\"border-radius:15px;background-color:#00000000\"><strong>Torna ai decolli in parapendio a tenerife<\/strong><\/a><\/div>\n<\/div>\n<\/div><\/div>","protected":false},"excerpt":{"rendered":"<p>Il parapendio a Barranco Hondo, Tenerife, \u00e8 un'esperienza emozionante che vi porter\u00e0 in alto. Situato a circa 600 metri sul livello del mare, il...<\/p>","protected":false},"author":2,"featured_media":5561,"comment_status":"closed","ping_status":"closed","sticky":false,"template":"","format":"standard","meta":{"_monsterinsights_skip_tracking":false,"_monsterinsights_sitenote_active":false,"_monsterinsights_sitenote_note":"","_monsterinsights_sitenote_category":0,"footnotes":""},"categories":[19],"tags":[],"class_list":["post-5562","post","type-post","status-publish","format-standard","has-post-thumbnail","hentry","category-zonas-de-vuelo-en-parapente-en-tenerife"],"_links":{"self":[{"href":"https:\/\/www.ggaparapente.com\/it\/wp-json\/wp\/v2\/posts\/5562","targetHints":{"allow":["GET"]}}],"collection":[{"href":"https:\/\/www.ggaparapente.com\/it\/wp-json\/wp\/v2\/posts"}],"about":[{"href":"https:\/\/www.ggaparapente.com\/it\/wp-json\/wp\/v2\/types\/post"}],"author":[{"embeddable":true,"href":"https:\/\/www.ggaparapente.com\/it\/wp-json\/wp\/v2\/users\/2"}],"replies":[{"embeddable":true,"href":"https:\/\/www.ggaparapente.com\/it\/wp-json\/wp\/v2\/comments?post=5562"}],"version-history":[{"count":0,"href":"https:\/\/www.ggaparapente.com\/it\/wp-json\/wp\/v2\/posts\/5562\/revisions"}],"wp:featuredmedia":[{"embeddable":true,"href":"https:\/\/www.ggaparapente.com\/it\/wp-json\/wp\/v2\/media\/5561"}],"wp:attachment":[{"href":"https:\/\/www.ggaparapente.com\/it\/wp-json\/wp\/v2\/media?parent=5562"}],"wp:term":[{"taxonomy":"category","embeddable":true,"href":"https:\/\/www.ggaparapente.com\/it\/wp-json\/wp\/v2\/categories?post=5562"},{"taxonomy":"post_tag","embeddable":true,"href":"https:\/\/www.ggaparapente.com\/it\/wp-json\/wp\/v2\/tags?post=5562"}],"curies":[{"name":"wp","href":"https:\/\/api.w.org\/{rel}","templated":true}]}}