{"id":2488,"date":"2020-01-01T12:28:00","date_gmt":"2020-01-01T12:28:00","guid":{"rendered":"https:\/\/www.ggaparapente.com\/?p=2488"},"modified":"2025-04-29T19:14:53","modified_gmt":"2025-04-29T19:14:53","slug":"anaza","status":"publish","type":"post","link":"https:\/\/www.ggaparapente.com\/it\/parapendio-tenerife\/siti-di-volo-in-parapendio-a-tenerife\/anaza\/","title":{"rendered":"Decollo:A\u00f1aza"},"content":{"rendered":"<div class=\"wp-block-cover alignfull wp-elements-b597f38a479f5f57de83c7c8b206ccff wp-duotone-unset-1\"><img loading=\"lazy\" decoding=\"async\" width=\"2560\" height=\"1326\" class=\"wp-block-cover__image-background wp-image-2490 size-full\" alt=\"a\u00f1aza decollo\" src=\"https:\/\/www.ggaparapente.com\/wp-content\/uploads\/2020\/12\/ggaparapente-despegue-de-parapente-an\u0303aza-scaled.jpg\" data-object-fit=\"cover\" title=\"\" srcset=\"https:\/\/www.ggaparapente.com\/wp-content\/uploads\/2020\/12\/ggaparapente-despegue-de-parapente-an\u0303aza-scaled.jpg 2560w, https:\/\/www.ggaparapente.com\/wp-content\/uploads\/2020\/12\/ggaparapente-despegue-de-parapente-an\u0303aza-300x155.jpg 300w, https:\/\/www.ggaparapente.com\/wp-content\/uploads\/2020\/12\/ggaparapente-despegue-de-parapente-an\u0303aza-1024x530.jpg 1024w, https:\/\/www.ggaparapente.com\/wp-content\/uploads\/2020\/12\/ggaparapente-despegue-de-parapente-an\u0303aza-768x398.jpg 768w, https:\/\/www.ggaparapente.com\/wp-content\/uploads\/2020\/12\/ggaparapente-despegue-de-parapente-an\u0303aza-1536x796.jpg 1536w\" sizes=\"auto, (max-width: 2560px) 100vw, 2560px\" \/><span aria-hidden=\"true\" class=\"wp-block-cover__background has-background-dim-60 has-background-dim\"><\/span><div class=\"wp-block-cover__inner-container is-layout-flow wp-block-cover-is-layout-flow\">\n<h1 class=\"wp-block-heading has-text-align-center has-base-3-color has-text-color has-link-color has-large-font-size wp-elements-72a55876b3ab8aaefb98339bc7277fd9\"><strong>Decollo: A\u00f1aza<\/strong><\/h1>\n\n\n\n<h2 class=\"wp-block-heading has-text-align-center has-medium-font-size\"><strong>Parapendio in <strong>A\u00f1aza<\/strong><\/strong><\/h2>\n\n\n\n<p class=\"has-text-align-center has-base-3-color has-text-color has-link-color wp-elements-3174eb9e74936d773ce6a2d5affc952d\"><br><strong>Il decollo di A\u00f1aza a Tenerife \u00e8 ideale per i voli in monoposto. Il luogo \u00e8 perfetto per campeggiare e fare pratica, poich\u00e9 offre ampie zone aperte. A volte la direzione del vento \u00e8 favorevole, il che rende il volo piacevole.<\/strong><\/p>\n\n\n\n<p class=\"has-text-align-center\"><br>Per vedere l'attivit\u00e0, il prezzo e ulteriori informazioni sui voli in parapendio tandem, cliccate su \u00abvedi attivit\u00e0\u00bb.\u00bb<\/p>\n\n\n\n<div class=\"wp-block-buttons is-content-justification-center is-layout-flex wp-container-core-buttons-is-layout-16018d1d wp-block-buttons-is-layout-flex\">\n<div class=\"wp-block-button\"><a class=\"wp-block-button__link has-background has-medium-font-size has-custom-font-size wp-element-button\" href=\"https:\/\/www.ggaparapente.com\/it\/parapendio-tenerife\/voli-in-parapendio-tenerife-nord\/\" style=\"border-radius:15px;background-color:#782dfb\"><strong>VEDI ATTIVIT\u00c0<\/strong><\/a><\/div>\n<\/div>\n<\/div><\/div>\n\n\n\n<div class=\"wp-block-cover alignfull\" style=\"min-height:338px;aspect-ratio:unset;\"><span aria-hidden=\"true\" class=\"wp-block-cover__background has-background-dim-100 has-background-dim\" style=\"background-color:#252628\"><\/span><div class=\"wp-block-cover__inner-container is-layout-flow wp-block-cover-is-layout-flow\">\n<h2 class=\"wp-block-heading has-text-align-center\" style=\"font-size:30px;font-style:normal;font-weight:700\">PRESA PRINCIPALE <\/h2>\n\n\n\n<h3 class=\"wp-block-heading has-text-align-center has-medium-font-size\" style=\"font-style:normal;font-weight:600\"><br><br><strong>Il decollo da A\u00f1aza, a 70 metri sul livello del mare, avviene con vento da est. Ha un ampio atterraggio<\/strong>.<\/h3>\n\n\n\n<div class=\"wp-block-columns is-layout-flex wp-container-core-columns-is-layout-9d6595d7 wp-block-columns-is-layout-flex\">\n<div class=\"wp-block-column is-layout-flow wp-block-column-is-layout-flow\">\n<h2 class=\"wp-block-heading has-text-align-center has-medium-font-size\" style=\"font-style:normal;font-weight:600;text-transform:uppercase\">luogo di PARTENZA<\/h2>\n\n\n\n<div class=\"wp-block-buttons is-content-justification-center is-layout-flex wp-container-core-buttons-is-layout-16018d1d wp-block-buttons-is-layout-flex\">\n<div class=\"wp-block-button\"><a class=\"wp-block-button__link has-background wp-element-button\" href=\"https:\/\/goo.gl\/maps\/gAu3gLPJn9PHrNUV6\" style=\"background-color:#782dfb\" target=\"_blank\" rel=\"noopener\">+<\/a><\/div>\n<\/div>\n<\/div>\n\n\n\n<div class=\"wp-block-column is-layout-flow wp-block-column-is-layout-flow\">\n<h2 class=\"wp-block-heading has-text-align-center has-medium-font-size\" style=\"font-style:normal;font-weight:600;text-transform:uppercase\">ubicazione del PUNTO D'INCONTRO <\/h2>\n\n\n\n<div class=\"wp-block-buttons is-content-justification-center is-layout-flex wp-container-core-buttons-is-layout-16018d1d wp-block-buttons-is-layout-flex\">\n<div class=\"wp-block-button\"><a class=\"wp-block-button__link has-background wp-element-button\" href=\"https:\/\/goo.gl\/maps\/Vas7DdCgKNAhppHJ8\" style=\"background-color:#782dfb\" target=\"_blank\" rel=\"noopener\">+<\/a><\/div>\n<\/div>\n<\/div>\n<\/div>\n<\/div><\/div>\n\n\n\n<div class=\"wp-block-cover alignfull\" style=\"min-height:100px;aspect-ratio:unset;\"><span aria-hidden=\"true\" class=\"wp-block-cover__background has-background-dim-100 has-background-dim\" style=\"background-color:#252628\"><\/span><div class=\"wp-block-cover__inner-container is-layout-flow wp-block-cover-is-layout-flow\">\n<div class=\"wp-block-buttons has-custom-font-size has-small-font-size is-content-justification-center is-layout-flex wp-container-core-buttons-is-layout-16018d1d wp-block-buttons-is-layout-flex\">\n<div class=\"wp-block-button has-custom-width wp-block-button__width-50 is-style-outline is-style-outline--2\"><a class=\"wp-block-button__link has-base-3-color has-text-color has-background wp-element-button\" href=\"https:\/\/www.ggaparapente.com\/it\/reservas\/\" style=\"border-radius:15px;background-color:#ffffff00\"><strong> PRENOTA ORA<\/strong><\/a><\/div>\n\n\n\n<div class=\"wp-block-button has-custom-width wp-block-button__width-50 is-style-outline is-style-outline--3\"><a class=\"wp-block-button__link has-base-3-color has-text-color has-background wp-element-button\" href=\"https:\/\/www.ggaparapente.com\/it\/buono-regalo\/\" style=\"border-radius:15px;background-color:#ffffff00\"><strong>BIGLIETTO REGALO<\/strong><\/a><\/div>\n<\/div>\n\n\n\n<div style=\"height:15px\" aria-hidden=\"true\" class=\"wp-block-spacer\"><\/div>\n\n\n\n<div class=\"wp-block-buttons is-content-justification-center is-layout-flex wp-container-core-buttons-is-layout-16018d1d wp-block-buttons-is-layout-flex\">\n<div class=\"wp-block-button is-style-outline is-style-outline--4\"><a class=\"wp-block-button__link has-base-3-color has-text-color has-background has-small-font-size has-custom-font-size wp-element-button\" href=\"https:\/\/www.ggaparapente.com\/it\/parapendio-tenerife\/siti-di-volo-in-parapendio-a-tenerife\/\" style=\"border-radius:15px;background-color:#00000000\"><strong>Torna ai decolli in parapendio a tenerife<\/strong><\/a><\/div>\n<\/div>\n<\/div><\/div>","protected":false},"excerpt":{"rendered":"<p>Il decollo da a\u00f1aza \u00e8 situato a circa 70 metri di altitudine, con un atterraggio ampio e veloce, a seconda della giornata, ideale per i principianti, e di solito si vola con venti da est.<\/p>","protected":false},"author":1,"featured_media":2490,"comment_status":"closed","ping_status":"closed","sticky":false,"template":"","format":"standard","meta":{"_monsterinsights_skip_tracking":false,"_monsterinsights_sitenote_active":false,"_monsterinsights_sitenote_note":"","_monsterinsights_sitenote_category":0,"footnotes":""},"categories":[19],"tags":[],"class_list":["post-2488","post","type-post","status-publish","format-standard","has-post-thumbnail","hentry","category-zonas-de-vuelo-en-parapente-en-tenerife"],"_links":{"self":[{"href":"https:\/\/www.ggaparapente.com\/it\/wp-json\/wp\/v2\/posts\/2488","targetHints":{"allow":["GET"]}}],"collection":[{"href":"https:\/\/www.ggaparapente.com\/it\/wp-json\/wp\/v2\/posts"}],"about":[{"href":"https:\/\/www.ggaparapente.com\/it\/wp-json\/wp\/v2\/types\/post"}],"author":[{"embeddable":true,"href":"https:\/\/www.ggaparapente.com\/it\/wp-json\/wp\/v2\/users\/1"}],"replies":[{"embeddable":true,"href":"https:\/\/www.ggaparapente.com\/it\/wp-json\/wp\/v2\/comments?post=2488"}],"version-history":[{"count":0,"href":"https:\/\/www.ggaparapente.com\/it\/wp-json\/wp\/v2\/posts\/2488\/revisions"}],"wp:featuredmedia":[{"embeddable":true,"href":"https:\/\/www.ggaparapente.com\/it\/wp-json\/wp\/v2\/media\/2490"}],"wp:attachment":[{"href":"https:\/\/www.ggaparapente.com\/it\/wp-json\/wp\/v2\/media?parent=2488"}],"wp:term":[{"taxonomy":"category","embeddable":true,"href":"https:\/\/www.ggaparapente.com\/it\/wp-json\/wp\/v2\/categories?post=2488"},{"taxonomy":"post_tag","embeddable":true,"href":"https:\/\/www.ggaparapente.com\/it\/wp-json\/wp\/v2\/tags?post=2488"}],"curies":[{"name":"wp","href":"https:\/\/api.w.org\/{rel}","templated":true}]}}