{"id":910,"date":"2019-09-03T23:58:23","date_gmt":"2019-09-03T23:58:23","guid":{"rendered":"https:\/\/www.ggaparapente.com\/?p=910"},"modified":"2023-12-05T14:17:26","modified_gmt":"2023-12-05T14:17:26","slug":"puerto-de-la-cruz","status":"publish","type":"post","link":"https:\/\/www.ggaparapente.com\/fr\/parapente-tenerife\/sites-de-vol-en-parapente-a-tenerife\/puerto-de-la-cruz\/","title":{"rendered":"D\u00e9collage : Puerto de la Cruz"},"content":{"rendered":"<div class=\"wp-block-cover alignfull wp-elements-ed83929d9afa7a74b59a3de4c3ade7f7\"><span aria-hidden=\"true\" class=\"wp-block-cover__background has-background-dim-60 has-background-dim\"><\/span><video class=\"wp-block-cover__video-background intrinsic-ignore\" autoplay muted loop playsinline src=\"https:\/\/www.ggaparapente.com\/wp-content\/uploads\/2023\/03\/Parapente-Puerto-de-la-Cruz-Tenerife_1.mp4\" data-object-fit=\"cover\"><\/video><div class=\"wp-block-cover__inner-container is-layout-flow wp-block-cover-is-layout-flow\">\n<h2 class=\"wp-block-heading has-text-align-center has-base-3-color has-text-color has-link-color has-large-font-size wp-elements-cdad96cab4aad9ef222a15531ffe6985\"><strong>D\u00e9collage : Puerto de la Cruz<\/strong><\/h2>\n\n\n\n<h1 class=\"wp-block-heading has-text-align-center has-medium-font-size\"><strong>Parapente Puerto de la Cruz<\/strong><\/h1>\n\n\n\n<p class=\"has-text-align-center has-base-3-color has-text-color has-link-color wp-elements-60422363171d0366db840e440d59a6e8\"><strong>Le vol de Puerto de la Cruz est une exp\u00e9rience unique de parapente qui offre des vues spectaculaires de la ville de Puerto de la Cruz et de la c\u00f4te nord de T\u00e9n\u00e9riffe. Ce vol a une hauteur de d\u00e9collage basse d'environ 100 m. Le vol en parapente permet aux participants de profiter d'une vue panoramique de la ville, en survolant les b\u00e2timents et en atterrissant sur la plage de Marti\u00e1nez. Lors de ce vol, les participants peuvent effectuer des man\u0153uvres et des acrobaties dans les airs, saluer les gens dans les h\u00f4tels et profiter de la mer comme toile de fond.<\/strong><\/p>\n\n\n\n<p class=\"has-text-align-center\"><br>Pour voir l'activit\u00e9, le prix et plus d'informations sur les vols en parapente biplace, cliquez sur \"voir l'activit\u00e9\".<\/p>\n\n\n\n<div class=\"wp-block-buttons is-content-justification-center is-layout-flex wp-container-core-buttons-is-layout-16018d1d wp-block-buttons-is-layout-flex\">\n<div class=\"wp-block-button has-custom-font-size has-medium-font-size\"><a class=\"wp-block-button__link has-background wp-element-button\" href=\"https:\/\/www.ggaparapente.com\/fr\/parapente-tenerife\/vols-en-parapente-tenerife-nord\/\" style=\"border-radius:15px;background-color:#782dfb\"><strong>VOIR L'ACTIVIT\u00c9<\/strong><\/a><\/div>\n<\/div>\n<\/div><\/div>\n\n\n\n<div class=\"wp-block-cover alignfull\" style=\"min-height:338px;aspect-ratio:unset;\"><span aria-hidden=\"true\" class=\"wp-block-cover__background has-background-dim-100 has-background-dim\" style=\"background-color:#252628\"><\/span><div class=\"wp-block-cover__inner-container is-layout-flow wp-block-cover-is-layout-flow\">\n<h2 class=\"wp-block-heading has-text-align-center\" style=\"font-size:30px;font-style:normal;font-weight:700\">PRISE PRINCIPALE <\/h2>\n\n\n\n<h3 class=\"wp-block-heading has-text-align-center has-medium-font-size\" style=\"font-style:normal;font-weight:600\"><br><br>NOUS AVONS BESOIN D'UN VENT D'AU MOINS 16 KM\/H POUR EFFECTUER CETTE \"PENTE\" CONFORTABLEMENT. LA DIRECTION PR\u00c9F\u00c9R\u00c9E EST NE\/N. L'ATTERRISSAGE NE SE FAIT PAS AVEC LA GLISSE DE NOS VOILES ET LA PORTANCE DOIT \u00caTRE GARANTIE. CE VOL SE FAIT G\u00c9N\u00c9RALEMENT AU D\u00c9PART DU TEIDE.<\/h3>\n\n\n\n<div class=\"wp-block-columns is-layout-flex wp-container-core-columns-is-layout-9d6595d7 wp-block-columns-is-layout-flex\">\n<div class=\"wp-block-column is-layout-flow wp-block-column-is-layout-flow\">\n<h2 class=\"wp-block-heading has-text-align-center has-medium-font-size\" style=\"font-style:normal;font-weight:600;text-transform:uppercase\">lieu du DEPART<\/h2>\n\n\n\n<div class=\"wp-block-buttons is-content-justification-center is-layout-flex wp-container-core-buttons-is-layout-16018d1d wp-block-buttons-is-layout-flex\">\n<div class=\"wp-block-button\"><a class=\"wp-block-button__link has-background wp-element-button\" href=\"https:\/\/goo.gl\/maps\/xLzqVGBgxGL5wAZE6\" style=\"background-color:#782dfb\" target=\"_blank\" rel=\"noopener\">+<\/a><\/div>\n<\/div>\n<\/div>\n\n\n\n<div class=\"wp-block-column is-layout-flow wp-block-column-is-layout-flow\">\n<h2 class=\"wp-block-heading has-text-align-center has-medium-font-size\" style=\"font-style:normal;font-weight:600;text-transform:uppercase\">localisation du POINT DE RENCONTRE AU PUERTO DE LA CRUZ<\/h2>\n\n\n\n<div class=\"wp-block-buttons is-content-justification-center is-layout-flex wp-container-core-buttons-is-layout-16018d1d wp-block-buttons-is-layout-flex\">\n<div class=\"wp-block-button\"><a class=\"wp-block-button__link has-background wp-element-button\" href=\"https:\/\/goo.gl\/maps\/iGtnpp73ELPz9aPA8\" style=\"background-color:#782dfb\" target=\"_blank\" rel=\"noopener\">+<\/a><\/div>\n<\/div>\n<\/div>\n<\/div>\n<\/div><\/div>\n\n\n\n<div class=\"wp-block-cover alignfull\" style=\"min-height:100px;aspect-ratio:unset;\"><span aria-hidden=\"true\" class=\"wp-block-cover__background has-background-dim-100 has-background-dim\" style=\"background-color:#252628\"><\/span><div class=\"wp-block-cover__inner-container is-layout-flow wp-block-cover-is-layout-flow\">\n<div class=\"wp-block-buttons has-custom-font-size has-small-font-size is-content-justification-center is-layout-flex wp-container-core-buttons-is-layout-16018d1d wp-block-buttons-is-layout-flex\">\n<div class=\"wp-block-button has-custom-width wp-block-button__width-50 is-style-outline is-style-outline--1\"><a class=\"wp-block-button__link has-base-3-color has-text-color has-background wp-element-button\" href=\"https:\/\/www.ggaparapente.com\/fr\/reservas\/\" style=\"border-radius:15px;background-color:#ffffff00\"><strong> R\u00c9SERVEZ MAINTENANT<\/strong><\/a><\/div>\n\n\n\n<div class=\"wp-block-button has-custom-width wp-block-button__width-50 is-style-outline is-style-outline--2\"><a class=\"wp-block-button__link has-base-3-color has-text-color has-background wp-element-button\" href=\"https:\/\/www.ggaparapente.com\/fr\/cheque-cadeau\/\" style=\"border-radius:15px;background-color:#ffffff00\"><strong>BILLET-CADEAU<\/strong><\/a><\/div>\n<\/div>\n\n\n\n<div style=\"height:15px\" aria-hidden=\"true\" class=\"wp-block-spacer\"><\/div>\n\n\n\n<div class=\"wp-block-buttons is-content-justification-center is-layout-flex wp-container-core-buttons-is-layout-16018d1d wp-block-buttons-is-layout-flex\">\n<div class=\"wp-block-button has-custom-font-size is-style-outline has-small-font-size is-style-outline--3\"><a class=\"wp-block-button__link has-base-3-color has-text-color has-background wp-element-button\" href=\"https:\/\/www.ggaparapente.com\/fr\/parapente-tenerife\/sites-de-vol-en-parapente-a-tenerife\/\" style=\"border-radius:15px;background-color:#00000000\"><strong>Retour aux d\u00e9collages de parapente \u00e0 T\u00e9n\u00e9rife<\/strong><\/a><\/div>\n<\/div>\n<\/div><\/div>","protected":false},"excerpt":{"rendered":"<p>Le petit vol de Marti\u00e1nez, \u00e0 proximit\u00e9 des b\u00e2timents de Puerto de la Cruz et avec la mer comme protagoniste. Nous avons besoin d'un vent d'au moins 16km\/h DIRECTION NE\/NO pour faire cette \"pente\" confortablement, l'atterrissage n'est pas atteint avec le glissement de nos voiles et nous devons garantir l'ascendance, ce vol se fait habituellement en d\u00e9collant du Teide.<\/p>","protected":false},"author":1,"featured_media":2840,"comment_status":"closed","ping_status":"closed","sticky":false,"template":"","format":"standard","meta":{"_monsterinsights_skip_tracking":false,"_monsterinsights_sitenote_active":false,"_monsterinsights_sitenote_note":"","_monsterinsights_sitenote_category":0,"footnotes":""},"categories":[19],"tags":[],"class_list":["post-910","post","type-post","status-publish","format-standard","has-post-thumbnail","hentry","category-zonas-de-vuelo-en-parapente-en-tenerife"],"_links":{"self":[{"href":"https:\/\/www.ggaparapente.com\/fr\/wp-json\/wp\/v2\/posts\/910","targetHints":{"allow":["GET"]}}],"collection":[{"href":"https:\/\/www.ggaparapente.com\/fr\/wp-json\/wp\/v2\/posts"}],"about":[{"href":"https:\/\/www.ggaparapente.com\/fr\/wp-json\/wp\/v2\/types\/post"}],"author":[{"embeddable":true,"href":"https:\/\/www.ggaparapente.com\/fr\/wp-json\/wp\/v2\/users\/1"}],"replies":[{"embeddable":true,"href":"https:\/\/www.ggaparapente.com\/fr\/wp-json\/wp\/v2\/comments?post=910"}],"version-history":[{"count":0,"href":"https:\/\/www.ggaparapente.com\/fr\/wp-json\/wp\/v2\/posts\/910\/revisions"}],"wp:featuredmedia":[{"embeddable":true,"href":"https:\/\/www.ggaparapente.com\/fr\/wp-json\/wp\/v2\/media\/2840"}],"wp:attachment":[{"href":"https:\/\/www.ggaparapente.com\/fr\/wp-json\/wp\/v2\/media?parent=910"}],"wp:term":[{"taxonomy":"category","embeddable":true,"href":"https:\/\/www.ggaparapente.com\/fr\/wp-json\/wp\/v2\/categories?post=910"},{"taxonomy":"post_tag","embeddable":true,"href":"https:\/\/www.ggaparapente.com\/fr\/wp-json\/wp\/v2\/tags?post=910"}],"curies":[{"name":"wp","href":"https:\/\/api.w.org\/{rel}","templated":true}]}}