{"id":897,"date":"2020-10-08T23:49:00","date_gmt":"2020-10-08T23:49:00","guid":{"rendered":"https:\/\/www.ggaparapente.com\/?p=897"},"modified":"2025-04-29T18:43:10","modified_gmt":"2025-04-29T18:43:10","slug":"guimar","status":"publish","type":"post","link":"https:\/\/www.ggaparapente.com\/fr\/parapente-tenerife\/sites-de-vol-en-parapente-a-tenerife\/guimar\/","title":{"rendered":"D\u00e9collages : G\u00fc\u00edmar"},"content":{"rendered":"<div class=\"wp-block-cover alignfull wp-elements-024798dd3cc15d88bc4492c8b7309ff2 wp-duotone-unset-1\"><img loading=\"lazy\" decoding=\"async\" width=\"2048\" height=\"1152\" class=\"wp-block-cover__image-background wp-image-4660 size-full\" alt=\"parapente \u00e0 guimar\" src=\"https:\/\/www.ggaparapente.com\/wp-content\/uploads\/2020\/10\/vuelo-de-parapente-en-guimar.png\" data-object-fit=\"cover\" title=\"\" srcset=\"https:\/\/www.ggaparapente.com\/wp-content\/uploads\/2020\/10\/vuelo-de-parapente-en-guimar.png 2048w, https:\/\/www.ggaparapente.com\/wp-content\/uploads\/2020\/10\/vuelo-de-parapente-en-guimar-300x169.png 300w, https:\/\/www.ggaparapente.com\/wp-content\/uploads\/2020\/10\/vuelo-de-parapente-en-guimar-1024x576.png 1024w, https:\/\/www.ggaparapente.com\/wp-content\/uploads\/2020\/10\/vuelo-de-parapente-en-guimar-768x432.png 768w, https:\/\/www.ggaparapente.com\/wp-content\/uploads\/2020\/10\/vuelo-de-parapente-en-guimar-1536x864.png 1536w\" sizes=\"auto, (max-width: 2048px) 100vw, 2048px\" \/><span aria-hidden=\"true\" class=\"wp-block-cover__background has-background-dim-60 has-background-dim\"><\/span><div class=\"wp-block-cover__inner-container is-layout-flow wp-block-cover-is-layout-flow\">\n<h1 class=\"wp-block-heading has-text-align-center has-base-3-color has-text-color has-link-color has-large-font-size wp-elements-b7007f652308ec8d1ce632171ace8173\"><strong>D\u00e9collages : G\u00fc\u00edmar<\/strong><\/h1>\n\n\n\n<h1 class=\"wp-block-heading has-text-align-center has-medium-font-size\"><strong>Parapente en<\/strong> <strong>G\u00fc\u00edmar<\/strong><\/h1>\n\n\n\n<p class=\"has-text-align-center has-base-3-color has-text-color has-link-color wp-elements-402c8036f0ececdef28a7f1ffe8932d6\">Le d\u00e9collage en parapente de <strong>G\u00fc\u00edmar<\/strong>\u00e0 environ <strong>800 m\u00e8tres d'altitude<\/strong>offres <strong>des vues spectaculaires sur la quasi-totalit\u00e9 de la face sud de Tenerife<\/strong> et la vall\u00e9e de G\u00fc\u00edmar. Il est id\u00e9al pour <strong>vols de bapt\u00eame<\/strong>avec des conditions optimales lorsque le <strong>le vent souffle du nord-est ou du nord-ouest<\/strong>entrant de <strong>la face pour le d\u00e9collage<\/strong>. Le vol se termine g\u00e9n\u00e9ralement par un atterrissage en douceur dans l'a\u00e9roport. <strong>Plage de G\u00fc\u00edmar<\/strong>.<\/p>\n\n\n\n<p class=\"has-text-align-center\"><br>Pour voir l'activit\u00e9, le prix et plus d'informations sur les vols en parapente biplace, cliquez sur \"voir l'activit\u00e9\".<\/p>\n\n\n\n<div class=\"wp-block-buttons is-content-justification-center is-layout-flex wp-container-core-buttons-is-layout-16018d1d wp-block-buttons-is-layout-flex\">\n<div class=\"wp-block-button\"><a class=\"wp-block-button__link has-background has-medium-font-size has-custom-font-size wp-element-button\" href=\"https:\/\/www.ggaparapente.com\/fr\/parapente-tenerife\/vols-en-parapente-tenerife-nord\/\" style=\"border-radius:15px;background-color:#782dfb\"><strong>VOIR L'ACTIVIT\u00c9<\/strong><\/a><\/div>\n<\/div>\n<\/div><\/div>\n\n\n\n<div class=\"wp-block-cover alignfull\" style=\"min-height:338px;aspect-ratio:unset;\"><span aria-hidden=\"true\" class=\"wp-block-cover__background has-background-dim-100 has-background-dim\" style=\"background-color:#252628\"><\/span><div class=\"wp-block-cover__inner-container is-layout-flow wp-block-cover-is-layout-flow\">\n<h2 class=\"wp-block-heading has-text-align-center\" style=\"font-size:30px;font-style:normal;font-weight:700\">PRISE PRINCIPALE <\/h2>\n\n\n\n<h3 class=\"wp-block-heading has-text-align-center has-medium-font-size\" style=\"font-style:normal;font-weight:600\"><br><br>Au <strong>G\u00fc\u00edmar<\/strong>est principalement vol\u00e9 dans le vent de <strong>nord-est et nord-ouest<\/strong>qui entre par <strong>la face pour le d\u00e9collage<\/strong>Cela cr\u00e9e des conditions favorables pour le vol. Le d\u00e9collage a lieu \u00e0 <strong>800 m\u00e8tres d'altitude<\/strong>et le vol peut \u00eatre \u00e0 la fois <strong>dynamique<\/strong> comme <strong>thermique<\/strong>en fonction des conditions du jour. Les <strong>vitesse id\u00e9ale du vent<\/strong> varie entre <strong>0 km\/h et 15 km\/h ou plus<\/strong>en fonction du type de parapente et de l'exp\u00e9rience du pilote.<\/h3>\n\n\n\n<div class=\"wp-block-columns is-layout-flex wp-container-core-columns-is-layout-9d6595d7 wp-block-columns-is-layout-flex\">\n<div class=\"wp-block-column is-layout-flow wp-block-column-is-layout-flow\">\n<h2 class=\"wp-block-heading has-text-align-center has-medium-font-size\" style=\"font-style:normal;font-weight:600;text-transform:uppercase\">lieu du DEPART<\/h2>\n\n\n\n<div class=\"wp-block-buttons is-content-justification-center is-layout-flex wp-container-core-buttons-is-layout-16018d1d wp-block-buttons-is-layout-flex\">\n<div class=\"wp-block-button\"><a class=\"wp-block-button__link has-background wp-element-button\" href=\"https:\/\/goo.gl\/maps\/rY76xZEnjf6F4Upn8\" style=\"background-color:#782dfb\" target=\"_blank\" rel=\"noopener\">+<\/a><\/div>\n<\/div>\n<\/div>\n\n\n\n<div class=\"wp-block-column is-layout-flow wp-block-column-is-layout-flow\">\n<h2 class=\"wp-block-heading has-text-align-center has-medium-font-size\" style=\"font-style:normal;font-weight:600;text-transform:uppercase\">localisation du POINT DE RENCONTRE <\/h2>\n\n\n\n<div class=\"wp-block-buttons is-content-justification-center is-layout-flex wp-container-core-buttons-is-layout-16018d1d wp-block-buttons-is-layout-flex\">\n<div class=\"wp-block-button\"><a class=\"wp-block-button__link has-background wp-element-button\" href=\"https:\/\/goo.gl\/maps\/1o4gneGK7GuF2Aab7\" style=\"background-color:#782dfb\" target=\"_blank\" rel=\"noopener\">+<\/a><\/div>\n<\/div>\n<\/div>\n<\/div>\n<\/div><\/div>\n\n\n\n<div class=\"wp-block-cover alignfull\" style=\"min-height:100px;aspect-ratio:unset;\"><span aria-hidden=\"true\" class=\"wp-block-cover__background has-background-dim-100 has-background-dim\" style=\"background-color:#252628\"><\/span><div class=\"wp-block-cover__inner-container is-layout-flow wp-block-cover-is-layout-flow\">\n<div class=\"wp-block-buttons has-custom-font-size has-small-font-size is-content-justification-center is-layout-flex wp-container-core-buttons-is-layout-16018d1d wp-block-buttons-is-layout-flex\">\n<div class=\"wp-block-button has-custom-width wp-block-button__width-50 is-style-outline is-style-outline--2\"><a class=\"wp-block-button__link has-base-3-color has-text-color has-background wp-element-button\" href=\"https:\/\/www.ggaparapente.com\/fr\/reservas\/\" style=\"border-radius:15px;background-color:#ffffff00\"><strong> R\u00c9SERVEZ MAINTENANT<\/strong><\/a><\/div>\n\n\n\n<div class=\"wp-block-button has-custom-width wp-block-button__width-50 is-style-outline is-style-outline--3\"><a class=\"wp-block-button__link has-base-3-color has-text-color has-background wp-element-button\" href=\"https:\/\/www.ggaparapente.com\/fr\/cheque-cadeau\/\" style=\"border-radius:15px;background-color:#ffffff00\"><strong>BILLET-CADEAU<\/strong><\/a><\/div>\n<\/div>\n\n\n\n<div style=\"height:15px\" aria-hidden=\"true\" class=\"wp-block-spacer\"><\/div>\n\n\n\n<div class=\"wp-block-buttons is-content-justification-center is-layout-flex wp-container-core-buttons-is-layout-16018d1d wp-block-buttons-is-layout-flex\">\n<div class=\"wp-block-button is-style-outline is-style-outline--4\"><a class=\"wp-block-button__link has-base-3-color has-text-color has-background has-small-font-size has-custom-font-size wp-element-button\" href=\"https:\/\/www.ggaparapente.com\/fr\/parapente-tenerife\/sites-de-vol-en-parapente-a-tenerife\/\" style=\"border-radius:15px;background-color:#00000000\"><strong>Retour aux d\u00e9collages de parapente \u00e0 T\u00e9n\u00e9rife<\/strong><\/a><\/div>\n<\/div>\n<\/div><\/div>","protected":false},"excerpt":{"rendered":"<p>Le d\u00e9collage du parapente de G\u00fcimar, situ\u00e9 \u00e0 800 m d'altitude avec une vue imprenable sur toute la vall\u00e9e, est id\u00e9al pour un vol de bapt\u00eame, avec atterrissage sur la plage de G\u00fcimar. Il est utilis\u00e9 lorsque les vents \u00e0 cette altitude proviennent des directions nord-est et nord-ouest.<\/p>","protected":false},"author":1,"featured_media":4660,"comment_status":"closed","ping_status":"closed","sticky":false,"template":"","format":"standard","meta":{"_monsterinsights_skip_tracking":false,"_monsterinsights_sitenote_active":false,"_monsterinsights_sitenote_note":"","_monsterinsights_sitenote_category":0,"footnotes":""},"categories":[19],"tags":[],"class_list":["post-897","post","type-post","status-publish","format-standard","has-post-thumbnail","hentry","category-zonas-de-vuelo-en-parapente-en-tenerife"],"_links":{"self":[{"href":"https:\/\/www.ggaparapente.com\/fr\/wp-json\/wp\/v2\/posts\/897","targetHints":{"allow":["GET"]}}],"collection":[{"href":"https:\/\/www.ggaparapente.com\/fr\/wp-json\/wp\/v2\/posts"}],"about":[{"href":"https:\/\/www.ggaparapente.com\/fr\/wp-json\/wp\/v2\/types\/post"}],"author":[{"embeddable":true,"href":"https:\/\/www.ggaparapente.com\/fr\/wp-json\/wp\/v2\/users\/1"}],"replies":[{"embeddable":true,"href":"https:\/\/www.ggaparapente.com\/fr\/wp-json\/wp\/v2\/comments?post=897"}],"version-history":[{"count":0,"href":"https:\/\/www.ggaparapente.com\/fr\/wp-json\/wp\/v2\/posts\/897\/revisions"}],"wp:featuredmedia":[{"embeddable":true,"href":"https:\/\/www.ggaparapente.com\/fr\/wp-json\/wp\/v2\/media\/4660"}],"wp:attachment":[{"href":"https:\/\/www.ggaparapente.com\/fr\/wp-json\/wp\/v2\/media?parent=897"}],"wp:term":[{"taxonomy":"category","embeddable":true,"href":"https:\/\/www.ggaparapente.com\/fr\/wp-json\/wp\/v2\/categories?post=897"},{"taxonomy":"post_tag","embeddable":true,"href":"https:\/\/www.ggaparapente.com\/fr\/wp-json\/wp\/v2\/tags?post=897"}],"curies":[{"name":"wp","href":"https:\/\/api.w.org\/{rel}","templated":true}]}}