{"id":892,"date":"2020-12-01T23:40:00","date_gmt":"2020-12-01T23:40:00","guid":{"rendered":"https:\/\/www.ggaparapente.com\/?p=892"},"modified":"2025-04-29T18:40:24","modified_gmt":"2025-04-29T18:40:24","slug":"la-couronne","status":"publish","type":"post","link":"https:\/\/www.ggaparapente.com\/fr\/parapente-tenerife\/sites-de-vol-en-parapente-a-tenerife\/la-couronne\/","title":{"rendered":"D\u00e9collages : La couronne foresti\u00e8re"},"content":{"rendered":"<div class=\"wp-block-cover alignfull wp-elements-a06ed3364b6a956bcffaffd2eaa08bb9 wp-duotone-unset-1\"><img loading=\"lazy\" decoding=\"async\" width=\"2560\" height=\"1326\" class=\"wp-block-cover__image-background wp-image-2729 size-full\" alt=\"\" src=\"https:\/\/www.ggaparapente.com\/wp-content\/uploads\/2021\/02\/ggaparapente-despegue-de-la-corona-los-realejos-compressed-1-scaled.jpg\" data-object-fit=\"cover\" title=\"\" srcset=\"https:\/\/www.ggaparapente.com\/wp-content\/uploads\/2021\/02\/ggaparapente-despegue-de-la-corona-los-realejos-compressed-1-scaled.jpg 2560w, https:\/\/www.ggaparapente.com\/wp-content\/uploads\/2021\/02\/ggaparapente-despegue-de-la-corona-los-realejos-compressed-1-300x155.jpg 300w, https:\/\/www.ggaparapente.com\/wp-content\/uploads\/2021\/02\/ggaparapente-despegue-de-la-corona-los-realejos-compressed-1-1024x530.jpg 1024w, https:\/\/www.ggaparapente.com\/wp-content\/uploads\/2021\/02\/ggaparapente-despegue-de-la-corona-los-realejos-compressed-1-768x398.jpg 768w, https:\/\/www.ggaparapente.com\/wp-content\/uploads\/2021\/02\/ggaparapente-despegue-de-la-corona-los-realejos-compressed-1-1536x796.jpg 1536w\" sizes=\"auto, (max-width: 2560px) 100vw, 2560px\" \/><span aria-hidden=\"true\" class=\"wp-block-cover__background has-background-dim-60 has-background-dim\"><\/span><div class=\"wp-block-cover__inner-container is-layout-flow wp-block-cover-is-layout-flow\">\n<h1 class=\"wp-block-heading has-text-align-center has-base-3-color has-text-color has-link-color has-large-font-size wp-elements-17710d6aebaeb760053dd89da123a585\"><strong><strong>D\u00e9collages : La couronne foresti\u00e8re<\/strong><\/strong><\/h1>\n\n\n\n<h1 class=\"wp-block-heading has-text-align-center has-medium-font-size\"><strong>Parapente \u00e0 Los Realejos<\/strong><\/h1>\n\n\n\n<p class=\"has-text-align-center has-base-3-color has-text-color has-link-color wp-elements-6db3518e982b812b4cf883eb0a452ee6\"><br><strong>Parapente \u00e0 partir de <strong>La Corona Forestal (Los Realejos)<\/strong> offre une exp\u00e9rience passionnante avec <strong>des vues spectaculaires sur la c\u00f4te nord de T\u00e9n\u00e9riffe<\/strong> et sa nature. Il d\u00e9colle d'environ <strong>800 m\u00e8tres au-dessus du niveau de la mer<\/strong> et le vol dure entre <strong>15 et 30 minutes<\/strong>en fonction de la m\u00e9t\u00e9o. Pendant la balade, vous aurez la sensation de flotter doucement au gr\u00e9 de la brise, dans un environnement calme. L'atterrissage se fait g\u00e9n\u00e9ralement sur un <strong>dans la campagne environnante ou sur la plage de Socorro<\/strong>. Id\u00e9al pour ceux qui aiment la <strong>aventure et nature<\/strong>.<\/strong><\/p>\n\n\n\n<p class=\"has-text-align-center\"><br>Pour voir l'activit\u00e9, le prix et plus d'informations sur les vols en parapente biplace, cliquez sur \"voir l'activit\u00e9\".<\/p>\n\n\n\n<div class=\"wp-block-buttons is-content-justification-center is-layout-flex wp-container-core-buttons-is-layout-16018d1d wp-block-buttons-is-layout-flex\">\n<div class=\"wp-block-button\"><a class=\"wp-block-button__link has-background has-medium-font-size has-custom-font-size wp-element-button\" href=\"https:\/\/www.ggaparapente.com\/fr\/parapente-tenerife\/vols-en-parapente-tenerife-nord\/\" style=\"border-radius:15px;background-color:#782dfb\"><strong>VOIR L'ACTIVIT\u00c9<\/strong><\/a><\/div>\n<\/div>\n<\/div><\/div>\n\n\n\n<div class=\"wp-block-cover alignfull\" style=\"min-height:338px;aspect-ratio:unset;\"><span aria-hidden=\"true\" class=\"wp-block-cover__background has-background-dim-100 has-background-dim\" style=\"background-color:#252628\"><\/span><div class=\"wp-block-cover__inner-container is-layout-flow wp-block-cover-is-layout-flow\">\n<h2 class=\"wp-block-heading has-text-align-center\" style=\"font-size:30px;font-style:normal;font-weight:700\">PRISE PRINCIPALE <\/h2>\n\n\n\n<h3 class=\"wp-block-heading has-text-align-center has-medium-font-size\" style=\"font-style:normal;font-weight:600\"><br><br>Au <strong>La couronne foresti\u00e8re<\/strong> est principalement vol\u00e9 dans le vent de <strong>nord-est, nord et nord-ouest<\/strong>. Il s'agit d'un vol <strong>dynamique<\/strong>Certains jours, il peut \u00e9galement y avoir des <strong>activit\u00e9 thermique<\/strong>. L'orientation du relief et le vent canalis\u00e9 permettent de voler m\u00eame dans des conditions cl\u00e9mentes. Les <strong>vitesse id\u00e9ale du vent<\/strong> va de <strong>0 km\/h \u00e0 15 km\/h ou plus<\/strong>en fonction du parapente et de l'exp\u00e9rience du pilote.<\/h3>\n\n\n\n<div class=\"wp-block-columns is-layout-flex wp-container-core-columns-is-layout-9d6595d7 wp-block-columns-is-layout-flex\">\n<div class=\"wp-block-column is-layout-flow wp-block-column-is-layout-flow\">\n<h2 class=\"wp-block-heading has-text-align-center has-medium-font-size\" style=\"font-style:normal;font-weight:600;text-transform:uppercase\">lieu du DEPART<\/h2>\n\n\n\n<div class=\"wp-block-buttons is-content-justification-center is-layout-flex wp-container-core-buttons-is-layout-16018d1d wp-block-buttons-is-layout-flex\">\n<div class=\"wp-block-button\"><a class=\"wp-block-button__link has-background wp-element-button\" href=\"https:\/\/goo.gl\/maps\/GFSFT83vNZDnptCT8\" style=\"background-color:#782dfb\" target=\"_blank\" rel=\"noopener\">+<\/a><\/div>\n<\/div>\n<\/div>\n\n\n\n<div class=\"wp-block-column is-layout-flow wp-block-column-is-layout-flow\">\n<h2 class=\"wp-block-heading has-text-align-center has-medium-font-size\" style=\"font-style:normal;font-weight:600;text-transform:uppercase\">localisation du POINT DE RENCONTRE <\/h2>\n\n\n\n<div class=\"wp-block-buttons is-content-justification-center is-layout-flex wp-container-core-buttons-is-layout-16018d1d wp-block-buttons-is-layout-flex\">\n<div class=\"wp-block-button\"><a class=\"wp-block-button__link has-background wp-element-button\" href=\"https:\/\/goo.gl\/maps\/cbLSbZrY5K2jr5P49\" style=\"background-color:#782dfb\" target=\"_blank\" rel=\"noopener\">+<\/a><\/div>\n<\/div>\n<\/div>\n<\/div>\n<\/div><\/div>\n\n\n\n<div class=\"wp-block-cover alignfull\" style=\"min-height:100px;aspect-ratio:unset;\"><span aria-hidden=\"true\" class=\"wp-block-cover__background has-background-dim-100 has-background-dim\" style=\"background-color:#252628\"><\/span><div class=\"wp-block-cover__inner-container is-layout-flow wp-block-cover-is-layout-flow\">\n<div class=\"wp-block-buttons has-custom-font-size has-small-font-size is-content-justification-center is-layout-flex wp-container-core-buttons-is-layout-16018d1d wp-block-buttons-is-layout-flex\">\n<div class=\"wp-block-button has-custom-width wp-block-button__width-50 is-style-outline is-style-outline--2\"><a class=\"wp-block-button__link has-base-3-color has-text-color has-background wp-element-button\" href=\"https:\/\/www.ggaparapente.com\/fr\/reservas\/\" style=\"border-radius:15px;background-color:#ffffff00\"><strong> R\u00c9SERVEZ MAINTENANT<\/strong><\/a><\/div>\n\n\n\n<div class=\"wp-block-button has-custom-width wp-block-button__width-50 is-style-outline is-style-outline--3\"><a class=\"wp-block-button__link has-base-3-color has-text-color has-background wp-element-button\" href=\"https:\/\/www.ggaparapente.com\/fr\/cheque-cadeau\/\" style=\"border-radius:15px;background-color:#ffffff00\"><strong>BILLET-CADEAU<\/strong><\/a><\/div>\n<\/div>\n\n\n\n<div style=\"height:15px\" aria-hidden=\"true\" class=\"wp-block-spacer\"><\/div>\n\n\n\n<div class=\"wp-block-buttons is-content-justification-center is-layout-flex wp-container-core-buttons-is-layout-16018d1d wp-block-buttons-is-layout-flex\">\n<div class=\"wp-block-button is-style-outline is-style-outline--4\"><a class=\"wp-block-button__link has-base-3-color has-text-color has-background has-small-font-size has-custom-font-size wp-element-button\" href=\"https:\/\/www.ggaparapente.com\/fr\/parapente-tenerife\/sites-de-vol-en-parapente-a-tenerife\/\" style=\"border-radius:15px;background-color:#00000000\"><strong>Retour aux d\u00e9collages de parapente \u00e0 T\u00e9n\u00e9rife<\/strong><\/a><\/div>\n<\/div>\n<\/div><\/div>","protected":false},"excerpt":{"rendered":"<p>La Corona : situ\u00e9e \u00e0 800m, avec un d\u00e9collage officiel adapt\u00e9 au parapente, id\u00e9ale pour nos bapt\u00eames de l'air. Avec un atterrissage large, id\u00e9al pour les d\u00e9butants en parapente, avec des vues incroyables sur les for\u00eats de la couronne foresti\u00e8re et la vall\u00e9e de Los Realejos, il est g\u00e9n\u00e9ralement vol\u00e9 avec un vent N,N0.<\/p>","protected":false},"author":1,"featured_media":2729,"comment_status":"closed","ping_status":"closed","sticky":false,"template":"","format":"standard","meta":{"_monsterinsights_skip_tracking":false,"_monsterinsights_sitenote_active":false,"_monsterinsights_sitenote_note":"","_monsterinsights_sitenote_category":0,"footnotes":""},"categories":[19],"tags":[],"class_list":["post-892","post","type-post","status-publish","format-standard","has-post-thumbnail","hentry","category-zonas-de-vuelo-en-parapente-en-tenerife"],"_links":{"self":[{"href":"https:\/\/www.ggaparapente.com\/fr\/wp-json\/wp\/v2\/posts\/892","targetHints":{"allow":["GET"]}}],"collection":[{"href":"https:\/\/www.ggaparapente.com\/fr\/wp-json\/wp\/v2\/posts"}],"about":[{"href":"https:\/\/www.ggaparapente.com\/fr\/wp-json\/wp\/v2\/types\/post"}],"author":[{"embeddable":true,"href":"https:\/\/www.ggaparapente.com\/fr\/wp-json\/wp\/v2\/users\/1"}],"replies":[{"embeddable":true,"href":"https:\/\/www.ggaparapente.com\/fr\/wp-json\/wp\/v2\/comments?post=892"}],"version-history":[{"count":0,"href":"https:\/\/www.ggaparapente.com\/fr\/wp-json\/wp\/v2\/posts\/892\/revisions"}],"wp:featuredmedia":[{"embeddable":true,"href":"https:\/\/www.ggaparapente.com\/fr\/wp-json\/wp\/v2\/media\/2729"}],"wp:attachment":[{"href":"https:\/\/www.ggaparapente.com\/fr\/wp-json\/wp\/v2\/media?parent=892"}],"wp:term":[{"taxonomy":"category","embeddable":true,"href":"https:\/\/www.ggaparapente.com\/fr\/wp-json\/wp\/v2\/categories?post=892"},{"taxonomy":"post_tag","embeddable":true,"href":"https:\/\/www.ggaparapente.com\/fr\/wp-json\/wp\/v2\/tags?post=892"}],"curies":[{"name":"wp","href":"https:\/\/api.w.org\/{rel}","templated":true}]}}