{"id":5976,"date":"2025-04-13T17:36:29","date_gmt":"2025-04-13T17:36:29","guid":{"rendered":"https:\/\/www.ggaparapente.com\/?p=5976"},"modified":"2025-10-02T19:57:45","modified_gmt":"2025-10-02T19:57:45","slug":"offre-speciale-parapente-tandem-a-tenerife","status":"publish","type":"post","link":"https:\/\/www.ggaparapente.com\/fr\/parapente-tenerife\/offre-speciale-parapente-tandem-a-tenerife\/","title":{"rendered":"Offre sp\u00e9ciale : Parapente en tandem \u00e0 prix abordable \u00e0 Tenerife"},"content":{"rendered":"\n<div class=\"wp-block-cover alignfull wp-elements-853a433795f135273724c779458d6574\"><video class=\"wp-block-cover__video-background intrinsic-ignore\" autoplay muted loop playsinline src=\"https:\/\/www.ggaparapente.com\/wp-content\/uploads\/2023\/12\/punta-del-hidalgo-parapente.mp4\" data-object-fit=\"cover\"><\/video><span aria-hidden=\"true\" class=\"wp-block-cover__background has-black-background-color has-background-dim-60 has-background-dim\"><\/span><div class=\"wp-block-cover__inner-container is-layout-flow wp-block-cover-is-layout-flow\">\n<h1 class=\"wp-block-heading has-text-align-center has-base-3-color has-text-color has-link-color has-large-font-size wp-elements-65fb303e48e1cbd4b8070d891cb45def\">Oferta Especial para Residentes Canarios <\/h1>\n\n\n\n<h2 class=\"wp-block-heading has-text-align-center has-base-3-color has-text-color has-link-color has-small-font-size wp-elements-700a1886ebf7b6d4d749ade025be7831\"><strong>\u00bfViv\u00eds en Canarias? Viv\u00ed la emoci\u00f3n de volar libre entre las nubes con nuestros vuelos biplaza para residentes.<br>Siente la adrenalina, el silencio del aire, y unas vistas que no vas a olvidar jam\u00e1s.<br>Cada semana lanzamos plazas limitadas, solo si el cielo lo permite.<br>Una experiencia \u00fanica, segura y profesional, pensada para quienes siempre so\u00f1aron con volar.<\/strong><\/h2>\n\n\n\n<p class=\"has-text-align-center\"><strong>\u00a1Sumate y sent\u00ed lo que es ser libre!<\/strong><\/p>\n<\/div><\/div>\n\n\n\n<div class=\"wp-block-cover has-contrast-color has-text-color has-link-color wp-elements-186173d6ab74d5d52bd18ebf76a29cf1\" style=\"min-height:429px;aspect-ratio:unset;\"><span aria-hidden=\"true\" class=\"wp-block-cover__background has-base-3-background-color has-background-dim-100 has-background-dim\"><\/span><div class=\"wp-block-cover__inner-container is-layout-flow wp-block-cover-is-layout-flow\">\n<h2 class=\"wp-block-heading has-text-align-center has-contrast-color has-text-color has-large-font-size\"><strong> <strong>Vuelo de bautismo<\/strong><\/strong><\/h2>\n\n\n\n<h3 class=\"wp-block-heading has-text-align-center has-small-font-size\"><strong>&#8211; Seguro de responsabilidad civil<\/strong><\/h3>\n\n\n\n<h3 class=\"wp-block-heading has-text-align-center has-small-font-size\"><strong>&#8211; Tiempo de vuelo depender\u00e1 de la meteorolog\u00eda (10 Minutos)<\/strong><\/h3>\n\n\n\n<h3 class=\"wp-block-heading has-text-align-center has-small-font-size\"><strong>&#8211;<strong> Video opcional, v\u00eddeo a 180 o 4k<\/strong><\/strong><\/h3>\n\n\n\n<h3 class=\"wp-block-heading has-text-align-center has-small-font-size\"><strong>&#8211; Transporte desde el punto de encuentro hacia el despegue y devuelta al punto de encuentro<\/strong><\/h3>\n\n\n\n<h3 class=\"wp-block-heading has-text-align-center has-small-font-size\"><strong>&#8211; Tiempo estimado de la actividad al completo 1:00 horas<\/strong><\/h3>\n\n\n\n<h3 class=\"wp-block-heading has-text-align-center\">Puntos de encuentro<\/h3>\n\n\n\n<p class=\"has-text-align-center\">La Corona Forestal: <a href=\"https:\/\/maps.app.goo.gl\/8eVdTm9QiodkbuHn8\" data-type=\"link\" data-id=\"https:\/\/maps.app.goo.gl\/8eVdTm9QiodkbuHn8\" target=\"_blank\" rel=\"noopener\"><mark style=\"background-color:rgba(0, 0, 0, 0)\" class=\"has-inline-color has-accent-color\">aqu\u00ed<\/mark><\/a><\/p>\n\n\n\n<p class=\"has-text-align-center\">La Punta Del Hidalgo: <a href=\"https:\/\/maps.app.goo.gl\/cSszDPWmDGeA5buh9\" data-type=\"link\" data-id=\"https:\/\/maps.app.goo.gl\/cSszDPWmDGeA5buh9\" target=\"_blank\" rel=\"noopener\"><mark style=\"background-color:rgba(0, 0, 0, 0)\" class=\"has-inline-color has-accent-color\">aqu\u00ed<\/mark><\/a><\/p>\n<\/div><\/div>\n\n\n\n<p class=\"has-text-align-center\"><strong><script>\n  if (typeof hasAmeliaEvent === 'undefined') {\n    var hasAmeliaEvent = true;\n  }\n  if (typeof hasEventApiCall === 'undefined' && ('' === '' && '' !== '1')) {\n    var hasEventApiCall = true;\n  }\n  var hasEventShortcode = (typeof hasEventShortcode === 'undefined') ? false : true;\n  var ameliaShortcodeData = (typeof ameliaShortcodeData === 'undefined') ? [] : ameliaShortcodeData;\n  ameliaShortcodeData.push(\n    {\n      'hasApiCall': (typeof hasEventApiCall !== 'undefined') && hasEventApiCall,\n      'trigger': '',\n      'trigger_type': '',\n      'triggered_form': 'elf',\n      'in_dialog': '',\n      'counter': '1000',\n      'employee': '',\n      'eventId': '',\n      'eventRecurring': 0,\n      'eventTag': \"\",\n      'locationId': \"\",\n      'range': \"\"\n    }\n  );\n  var ameliaShortcodeDataTriggered = (typeof ameliaShortcodeDataTriggered === 'undefined') ? [] : ameliaShortcodeDataTriggered;\n  if (ameliaShortcodeData[ameliaShortcodeData.length - 1].trigger !== '') {\n    if (ameliaShortcodeDataTriggered.filter(a => a.counter === ameliaShortcodeData[ameliaShortcodeData.length - 1].counter).length === 0) {\n      ameliaShortcodeDataTriggered.push(ameliaShortcodeData.pop());\n    } else {\n      ameliaShortcodeData.pop()\n    }\n  }\n  if (typeof hasEventApiCall !== 'undefined' && hasEventApiCall) {\n    hasEventApiCall = false;\n  }\n<\/script>\n\n<div\n  id=\"amelia-v2-booking-1000\"\n  class=\"amelia-v2-booking\"\n>\n    <events-list-form-wrapper><\/div>\n<\/strong><\/p>\n\n\n\n<p class=\"has-text-align-center\" style=\"font-size:15px\"><strong><br>ATENCI\u00d3N: El peso debe estar entre 20 kg y 95 kg, con un cargo adicional de 30 \u20ac para aquellos que superen los 85kg. edad m\u00ednima 16 a\u00f1os y  la edad m\u00e1xima es de 60 a\u00f1os. La altura m\u00ednima para ni\u00f1os es de 100 cm, y la altura m\u00e1xima permitida es de 200 cm.<\/strong><\/p>\n\n\n\n<div class=\"wp-block-cover alignfull\" style=\"min-height:242px;aspect-ratio:unset;\"><span aria-hidden=\"true\" class=\"wp-block-cover__background has-base-2-background-color has-background-dim-100 has-background-dim\"><\/span><div class=\"wp-block-cover__inner-container is-layout-flow wp-block-cover-is-layout-flow\">\n<h3 class=\"wp-block-heading has-contrast-color has-text-color has-link-color has-medium-font-size wp-elements-095c9d91d0be483e534a2ba92f3f9881\"><strong>Sistema de Reservas de Vuelos Biplaza<\/strong><\/h3>\n\n\n\n<details class=\"wp-block-details has-contrast-color has-text-color has-link-color wp-elements-985c3127bea303eb80ddc78b9a2fc2a9 is-layout-flow wp-block-details-is-layout-flow\"><summary>\u00bfC\u00f3mo funciona?<\/summary>\n<p><strong>Fechas seleccionadas por nosotros:<\/strong> Publicamos las fechas de vuelo en las que realizamos la actividad.<\/p>\n\n\n\n<p><strong>Despegues seleccionados:<\/strong> Elegimos los despegues en funci\u00f3n del viento y otros factores. Las opciones incluyen la <strong>Corona Forestal<\/strong> y <strong><strong>La Punta del Hidalgo<\/strong> <\/strong>.<\/p>\n\n\n\n<p><strong>Reserva de horario:<\/strong> Podr\u00e1s elegir el horario que m\u00e1s te convenga, siempre seg\u00fan disponibilidad.<\/p>\n\n\n\n<p><strong>Publicaci\u00f3n semanal:<\/strong> Los vuelos se publican una vez por semana, siempre que las condiciones lo permitan. Si la actividad se cancela por meteorolog\u00eda, te devolvemos el importe de la reserva, Siempre y cuando no sea un cup\u00f3n o un bono.<\/p>\n<\/details>\n\n\n\n<div style=\"height:54px\" aria-hidden=\"true\" class=\"wp-block-spacer\"><\/div>\n<\/div><\/div>\n\n\n\n<div class=\"wp-block-cover alignfull has-small-font-size\" style=\"min-height:182px;aspect-ratio:unset;\"><span aria-hidden=\"true\" class=\"wp-block-cover__background has-base-3-background-color has-background-dim-100 has-background-dim\"><\/span><div class=\"wp-block-cover__inner-container is-layout-flow wp-block-cover-is-layout-flow\">\n<p class=\"has-text-align-center has-contrast-color has-text-color has-medium-font-size\"><strong>Contacta con nosotros<\/strong><\/p>\n\n\n\n<div class=\"wp-block-buttons has-custom-font-size has-small-font-size is-content-justification-center is-layout-flex wp-container-core-buttons-is-layout-16018d1d wp-block-buttons-is-layout-flex\">\n<div class=\"wp-block-button has-custom-width wp-block-button__width-50 is-style-outline is-style-outline--1\"><a class=\"wp-block-button__link has-contrast-color has-base-3-background-color has-text-color has-background wp-element-button\" href=\"TEL:+34628346948\" style=\"border-radius:15px\"><strong> LLAMAR<\/strong><\/a><\/div>\n\n\n\n<div class=\"wp-block-button has-custom-width wp-block-button__width-50 is-style-outline is-style-outline--2\"><a class=\"wp-block-button__link has-contrast-color has-base-3-background-color has-text-color has-background wp-element-button\" href=\"https:\/\/api.whatsapp.com\/send\/?phone=34628346948&amp;text=Hola+buenas+me+gustar%C3%ADa+reservar+mi+vuelo+en+parapente&amp;type=phone_number&amp;app_absent=0\" style=\"border-radius:15px\" target=\"_blank\" rel=\"noopener\"><strong>whatsapp<\/strong><\/a><\/div>\n<\/div>\n<\/div><\/div>\n","protected":false},"excerpt":{"rendered":"<p>Profitez d'un vol \u00e9conomique en parapente biplace \u00e0 T\u00e9n\u00e9rife. Profitez d'une exp\u00e9rience inoubliable avec des vues incroyables, accompagn\u00e9 par des pilotes professionnels. R\u00e9servez d\u00e8s maintenant votre aventure a\u00e9rienne au meilleur prix !<\/p>","protected":false},"author":2,"featured_media":0,"comment_status":"closed","ping_status":"closed","sticky":false,"template":"","format":"standard","meta":{"_monsterinsights_skip_tracking":false,"_monsterinsights_sitenote_active":false,"_monsterinsights_sitenote_note":"","_monsterinsights_sitenote_category":0,"footnotes":""},"categories":[20],"tags":[],"class_list":["post-5976","post","type-post","status-publish","format-standard","hentry","category-parapente-tenerife"],"_links":{"self":[{"href":"https:\/\/www.ggaparapente.com\/fr\/wp-json\/wp\/v2\/posts\/5976","targetHints":{"allow":["GET"]}}],"collection":[{"href":"https:\/\/www.ggaparapente.com\/fr\/wp-json\/wp\/v2\/posts"}],"about":[{"href":"https:\/\/www.ggaparapente.com\/fr\/wp-json\/wp\/v2\/types\/post"}],"author":[{"embeddable":true,"href":"https:\/\/www.ggaparapente.com\/fr\/wp-json\/wp\/v2\/users\/2"}],"replies":[{"embeddable":true,"href":"https:\/\/www.ggaparapente.com\/fr\/wp-json\/wp\/v2\/comments?post=5976"}],"version-history":[{"count":1,"href":"https:\/\/www.ggaparapente.com\/fr\/wp-json\/wp\/v2\/posts\/5976\/revisions"}],"predecessor-version":[{"id":6113,"href":"https:\/\/www.ggaparapente.com\/fr\/wp-json\/wp\/v2\/posts\/5976\/revisions\/6113"}],"wp:attachment":[{"href":"https:\/\/www.ggaparapente.com\/fr\/wp-json\/wp\/v2\/media?parent=5976"}],"wp:term":[{"taxonomy":"category","embeddable":true,"href":"https:\/\/www.ggaparapente.com\/fr\/wp-json\/wp\/v2\/categories?post=5976"},{"taxonomy":"post_tag","embeddable":true,"href":"https:\/\/www.ggaparapente.com\/fr\/wp-json\/wp\/v2\/tags?post=5976"}],"curies":[{"name":"wp","href":"https:\/\/api.w.org\/{rel}","templated":true}]}}