{"id":2615,"date":"2019-01-06T22:50:00","date_gmt":"2019-01-06T22:50:00","guid":{"rendered":"https:\/\/www.ggaparapente.com\/?p=2615"},"modified":"2025-04-29T20:32:32","modified_gmt":"2025-04-29T20:32:32","slug":"decoller-le-pris","status":"publish","type":"post","link":"https:\/\/www.ggaparapente.com\/fr\/parapente-tenerife\/sites-de-vol-en-parapente-a-tenerife\/decoller-le-pris\/","title":{"rendered":"d\u00e9collage : El Pris"},"content":{"rendered":"<div class=\"wp-block-cover alignfull wp-elements-10b78d14b7f1b1cd011c09d18eed366d wp-duotone-unset-1\"><img loading=\"lazy\" decoding=\"async\" width=\"2560\" height=\"1326\" class=\"wp-block-cover__image-background wp-image-2614 size-full\" alt=\"pris take-off\" src=\"https:\/\/www.ggaparapente.com\/wp-content\/uploads\/2021\/01\/Despegue-de-parapente-el-pris-scaled.jpg\" data-object-fit=\"cover\" title=\"\" srcset=\"https:\/\/www.ggaparapente.com\/wp-content\/uploads\/2021\/01\/Despegue-de-parapente-el-pris-scaled.jpg 2560w, https:\/\/www.ggaparapente.com\/wp-content\/uploads\/2021\/01\/Despegue-de-parapente-el-pris-300x155.jpg 300w, https:\/\/www.ggaparapente.com\/wp-content\/uploads\/2021\/01\/Despegue-de-parapente-el-pris-1024x530.jpg 1024w, https:\/\/www.ggaparapente.com\/wp-content\/uploads\/2021\/01\/Despegue-de-parapente-el-pris-768x398.jpg 768w, https:\/\/www.ggaparapente.com\/wp-content\/uploads\/2021\/01\/Despegue-de-parapente-el-pris-1536x796.jpg 1536w\" sizes=\"auto, (max-width: 2560px) 100vw, 2560px\" \/><span aria-hidden=\"true\" class=\"wp-block-cover__background has-background-dim-60 has-background-dim\"><\/span><div class=\"wp-block-cover__inner-container is-layout-flow wp-block-cover-is-layout-flow\">\n<h1 class=\"wp-block-heading has-text-align-center has-base-3-color has-text-color has-link-color has-large-font-size wp-elements-f0daeab7da719a9e38ad121d3a31ff59\"><strong>D\u00e9collage : El Pris<\/strong><\/h1>\n\n\n\n<h2 class=\"wp-block-heading has-text-align-center has-medium-font-size\"><strong><strong>Parapente en <strong><strong><strong>Le Pris<\/strong><\/strong><\/strong><\/strong><\/strong><\/h2>\n\n\n\n<p class=\"has-text-align-center has-base-3-color has-text-color has-link-color wp-elements-d66c9e867e051dd52ee015ee1499b1b9\">Le d\u00e9collage du Pris est tr\u00e8s amusant et offre des vues incroyables sur les falaises et la c\u00f4te nord de T\u00e9n\u00e9rife. C'est un vol visuellement spectaculaire, avec l'\u00e9nergie de l'oc\u00e9an toujours pr\u00e9sente.<\/p>\n\n\n\n<p class=\"has-text-align-center\"><br>Pour voir l'activit\u00e9, le prix et plus d'informations sur les vols en parapente biplace, cliquez sur \"voir l'activit\u00e9\".<\/p>\n\n\n\n<div class=\"wp-block-buttons is-content-justification-center is-layout-flex wp-container-core-buttons-is-layout-16018d1d wp-block-buttons-is-layout-flex\">\n<div class=\"wp-block-button\"><a class=\"wp-block-button__link has-background has-medium-font-size has-custom-font-size wp-element-button\" href=\"https:\/\/www.ggaparapente.com\/fr\/parapente-tenerife\/vols-en-parapente-tenerife-nord\/\" style=\"border-radius:15px;background-color:#782dfb\"><strong>VOIR L'ACTIVIT\u00c9<\/strong><\/a><\/div>\n<\/div>\n<\/div><\/div>\n\n\n\n<div class=\"wp-block-cover alignfull\" style=\"min-height:338px;aspect-ratio:unset;\"><span aria-hidden=\"true\" class=\"wp-block-cover__background has-background-dim-100 has-background-dim\" style=\"background-color:#252628\"><\/span><div class=\"wp-block-cover__inner-container is-layout-flow wp-block-cover-is-layout-flow\">\n<h2 class=\"wp-block-heading has-text-align-center\" style=\"font-size:30px;font-style:normal;font-weight:700\">PRISE PRINCIPALE <\/h2>\n\n\n\n<h3 class=\"wp-block-heading has-text-align-center has-medium-font-size\" style=\"font-style:normal;font-weight:600\"><br><br><strong><strong><strong>D\u00e9collage du Pris situ\u00e9 \u00e0 environ 50 m\u00e8tres au-dessus du niveau de la mer, d\u00e9collage et atterrissage au m\u00eame endroit, vol g\u00e9n\u00e9ralement avec des vents d'ouest et de sud-ouest.<\/strong><\/strong><\/strong><\/h3>\n\n\n\n<div class=\"wp-block-columns is-layout-flex wp-container-core-columns-is-layout-9d6595d7 wp-block-columns-is-layout-flex\">\n<div class=\"wp-block-column is-layout-flow wp-block-column-is-layout-flow\">\n<h2 class=\"wp-block-heading has-text-align-center has-medium-font-size\" style=\"font-style:normal;font-weight:600;text-transform:uppercase\">lieu du DEPART<\/h2>\n\n\n\n<div class=\"wp-block-buttons is-content-justification-center is-layout-flex wp-container-core-buttons-is-layout-16018d1d wp-block-buttons-is-layout-flex\">\n<div class=\"wp-block-button\"><a class=\"wp-block-button__link has-background wp-element-button\" href=\"https:\/\/goo.gl\/maps\/nupP7zE3HH5nwxDy9\" style=\"background-color:#782dfb\" target=\"_blank\" rel=\"noopener\">+<\/a><\/div>\n<\/div>\n<\/div>\n\n\n\n<div class=\"wp-block-column is-layout-flow wp-block-column-is-layout-flow\">\n<h2 class=\"wp-block-heading has-text-align-center has-medium-font-size\" style=\"font-style:normal;font-weight:600;text-transform:uppercase\">localisation du POINT DE RENCONTRE <\/h2>\n\n\n\n<div class=\"wp-block-buttons is-content-justification-center is-layout-flex wp-container-core-buttons-is-layout-16018d1d wp-block-buttons-is-layout-flex\">\n<div class=\"wp-block-button\"><a class=\"wp-block-button__link has-background wp-element-button\" href=\"https:\/\/goo.gl\/maps\/nupP7zE3HH5nwxDy9\" style=\"background-color:#782dfb\" target=\"_blank\" rel=\"noopener\">+<\/a><\/div>\n<\/div>\n<\/div>\n<\/div>\n<\/div><\/div>\n\n\n\n<div class=\"wp-block-cover alignfull\" style=\"min-height:100px;aspect-ratio:unset;\"><span aria-hidden=\"true\" class=\"wp-block-cover__background has-background-dim-100 has-background-dim\" style=\"background-color:#252628\"><\/span><div class=\"wp-block-cover__inner-container is-layout-flow wp-block-cover-is-layout-flow\">\n<div class=\"wp-block-buttons has-custom-font-size has-small-font-size is-content-justification-center is-layout-flex wp-container-core-buttons-is-layout-16018d1d wp-block-buttons-is-layout-flex\">\n<div class=\"wp-block-button has-custom-width wp-block-button__width-50 is-style-outline is-style-outline--2\"><a class=\"wp-block-button__link has-base-3-color has-text-color has-background wp-element-button\" href=\"https:\/\/www.ggaparapente.com\/fr\/reservas\/\" style=\"border-radius:15px;background-color:#ffffff00\"><strong> R\u00c9SERVEZ MAINTENANT<\/strong><\/a><\/div>\n\n\n\n<div class=\"wp-block-button has-custom-width wp-block-button__width-50 is-style-outline is-style-outline--3\"><a class=\"wp-block-button__link has-base-3-color has-text-color has-background wp-element-button\" href=\"https:\/\/www.ggaparapente.com\/fr\/cheque-cadeau\/\" style=\"border-radius:15px;background-color:#ffffff00\"><strong>BILLET-CADEAU<\/strong><\/a><\/div>\n<\/div>\n\n\n\n<div style=\"height:15px\" aria-hidden=\"true\" class=\"wp-block-spacer\"><\/div>\n\n\n\n<div class=\"wp-block-buttons is-content-justification-center is-layout-flex wp-container-core-buttons-is-layout-16018d1d wp-block-buttons-is-layout-flex\">\n<div class=\"wp-block-button is-style-outline is-style-outline--4\"><a class=\"wp-block-button__link has-base-3-color has-text-color has-background has-small-font-size has-custom-font-size wp-element-button\" href=\"https:\/\/www.ggaparapente.com\/fr\/parapente-tenerife\/sites-de-vol-en-parapente-a-tenerife\/\" style=\"border-radius:15px;background-color:#00000000\"><strong>Retour aux d\u00e9collages de parapente \u00e0 T\u00e9n\u00e9rife<\/strong><\/a><\/div>\n<\/div>\n<\/div><\/div>","protected":false},"excerpt":{"rendered":"<p>Le Pris d\u00e9colle \u00e0 environ 50 m\u00e8tres au-dessus du niveau de la mer, le d\u00e9collage et l'atterrissage se font au m\u00eame endroit. Il est g\u00e9n\u00e9ralement pilot\u00e9 par des vents d'ouest et de sud-ouest.<\/p>","protected":false},"author":1,"featured_media":2614,"comment_status":"closed","ping_status":"open","sticky":false,"template":"","format":"standard","meta":{"_monsterinsights_skip_tracking":false,"_monsterinsights_sitenote_active":false,"_monsterinsights_sitenote_note":"","_monsterinsights_sitenote_category":0,"footnotes":""},"categories":[19],"tags":[],"class_list":["post-2615","post","type-post","status-publish","format-standard","has-post-thumbnail","hentry","category-zonas-de-vuelo-en-parapente-en-tenerife"],"_links":{"self":[{"href":"https:\/\/www.ggaparapente.com\/fr\/wp-json\/wp\/v2\/posts\/2615","targetHints":{"allow":["GET"]}}],"collection":[{"href":"https:\/\/www.ggaparapente.com\/fr\/wp-json\/wp\/v2\/posts"}],"about":[{"href":"https:\/\/www.ggaparapente.com\/fr\/wp-json\/wp\/v2\/types\/post"}],"author":[{"embeddable":true,"href":"https:\/\/www.ggaparapente.com\/fr\/wp-json\/wp\/v2\/users\/1"}],"replies":[{"embeddable":true,"href":"https:\/\/www.ggaparapente.com\/fr\/wp-json\/wp\/v2\/comments?post=2615"}],"version-history":[{"count":0,"href":"https:\/\/www.ggaparapente.com\/fr\/wp-json\/wp\/v2\/posts\/2615\/revisions"}],"wp:featuredmedia":[{"embeddable":true,"href":"https:\/\/www.ggaparapente.com\/fr\/wp-json\/wp\/v2\/media\/2614"}],"wp:attachment":[{"href":"https:\/\/www.ggaparapente.com\/fr\/wp-json\/wp\/v2\/media?parent=2615"}],"wp:term":[{"taxonomy":"category","embeddable":true,"href":"https:\/\/www.ggaparapente.com\/fr\/wp-json\/wp\/v2\/categories?post=2615"},{"taxonomy":"post_tag","embeddable":true,"href":"https:\/\/www.ggaparapente.com\/fr\/wp-json\/wp\/v2\/tags?post=2615"}],"curies":[{"name":"wp","href":"https:\/\/api.w.org\/{rel}","templated":true}]}}