{"id":1135,"date":"2019-08-01T22:33:34","date_gmt":"2019-08-01T22:33:34","guid":{"rendered":"https:\/\/www.ggaparapente.com\/?p=1135"},"modified":"2025-04-29T19:53:00","modified_gmt":"2025-04-29T19:53:00","slug":"las-teresitas","status":"publish","type":"post","link":"https:\/\/www.ggaparapente.com\/fr\/parapente-tenerife\/sites-de-vol-en-parapente-a-tenerife\/las-teresitas\/","title":{"rendered":"D\u00e9collage : Las Teresitas"},"content":{"rendered":"<div class=\"wp-block-cover alignfull wp-elements-075233c0f8b9c8e19efbbbe247709ac6 wp-duotone-unset-1\"><img loading=\"lazy\" decoding=\"async\" width=\"2560\" height=\"1326\" class=\"wp-block-cover__image-background wp-image-2897 size-full\" alt=\"\" src=\"https:\/\/www.ggaparapente.com\/wp-content\/uploads\/2019\/08\/PARAPENTE-EN-LAS-TERESITAS-scaled.jpeg\" data-object-fit=\"cover\" title=\"\" srcset=\"https:\/\/www.ggaparapente.com\/wp-content\/uploads\/2019\/08\/PARAPENTE-EN-LAS-TERESITAS-scaled.jpeg 2560w, https:\/\/www.ggaparapente.com\/wp-content\/uploads\/2019\/08\/PARAPENTE-EN-LAS-TERESITAS-300x155.jpeg 300w, https:\/\/www.ggaparapente.com\/wp-content\/uploads\/2019\/08\/PARAPENTE-EN-LAS-TERESITAS-1024x530.jpeg 1024w, https:\/\/www.ggaparapente.com\/wp-content\/uploads\/2019\/08\/PARAPENTE-EN-LAS-TERESITAS-768x398.jpeg 768w, https:\/\/www.ggaparapente.com\/wp-content\/uploads\/2019\/08\/PARAPENTE-EN-LAS-TERESITAS-1536x795.jpeg 1536w, https:\/\/www.ggaparapente.com\/wp-content\/uploads\/2019\/08\/PARAPENTE-EN-LAS-TERESITAS-2048x1061.jpeg 2048w\" sizes=\"auto, (max-width: 2560px) 100vw, 2560px\" \/><span aria-hidden=\"true\" class=\"wp-block-cover__background has-background-dim-60 has-background-dim\"><\/span><div class=\"wp-block-cover__inner-container is-layout-flow wp-block-cover-is-layout-flow\">\n<h1 class=\"wp-block-heading has-text-align-center has-base-3-color has-text-color has-link-color has-large-font-size wp-elements-043e77e3f97b74690a53a299204bc71d\">D\u00e9collage : Las Teresitas<\/h1>\n\n\n\n<h2 class=\"wp-block-heading has-text-align-center has-medium-font-size\"><strong><strong>parapente \u00e0 Las Teresitas<\/strong><\/strong><\/h2>\n\n\n\n<p class=\"has-text-align-center has-base-3-color has-text-color has-link-color wp-elements-9e6f9a9235345db350c09db548cd340c\">Le parapente au d\u00e9part de Las Teresitas est l'un des vols les plus amusants de T\u00e9n\u00e9riffe. Nous d\u00e9collons d'une hauteur de 50 m\u00e8tres, mais nous pouvons rapidement monter \u00e0 120 m\u00e8tres ou plus, selon les conditions. Pendant le vol, nous profitons d'une vue panoramique \u00e0 couper le souffle sur la plage de Las Teresitas et ses environs. L'atterrissage, consid\u00e9r\u00e9 comme l'un des meilleurs de Tenerife, a lieu sur la plage, o\u00f9 de nombreuses photos et des applaudissements nous attendent toujours. C'est une exp\u00e9rience amusante, pleine d'adr\u00e9naline et de beaut\u00e9.<\/p>\n\n\n\n<p class=\"has-text-align-center\"><br>Pour voir l'activit\u00e9, le prix et plus d'informations sur les vols en parapente biplace, cliquez sur \"voir l'activit\u00e9\".<\/p>\n\n\n\n<div class=\"wp-block-buttons is-content-justification-center is-layout-flex wp-container-core-buttons-is-layout-16018d1d wp-block-buttons-is-layout-flex\">\n<div class=\"wp-block-button\"><a class=\"wp-block-button__link has-background has-medium-font-size has-custom-font-size wp-element-button\" href=\"https:\/\/www.ggaparapente.com\/fr\/parapente-tenerife\/vols-en-parapente-tenerife-nord\/\" style=\"border-radius:15px;background-color:#782dfb\"><strong>VOIR L'ACTIVIT\u00c9<\/strong><\/a><\/div>\n<\/div>\n<\/div><\/div>\n\n\n\n<div class=\"wp-block-cover alignfull\" style=\"min-height:338px;aspect-ratio:unset;\"><span aria-hidden=\"true\" class=\"wp-block-cover__background has-background-dim-100 has-background-dim\" style=\"background-color:#252628\"><\/span><div class=\"wp-block-cover__inner-container is-layout-flow wp-block-cover-is-layout-flow\">\n<h2 class=\"wp-block-heading has-text-align-center\" style=\"font-size:30px;font-style:normal;font-weight:700\">PRISE PRINCIPALE <\/h2>\n\n\n\n<h3 class=\"wp-block-heading has-text-align-center has-medium-font-size\" style=\"font-style:normal;font-weight:600\"><br><br><strong>Le d\u00e9collage de Las Teresitas, \u00e0 environ 50 m\u00e8tres au-dessus du niveau de la mer, est technique. Il est effectu\u00e9 par des vents de 18 km\/h ou plus, avec une direction E, SE ou S. L'atterrissage est le plus facile de l'\u00eele.<\/strong>.<\/h3>\n\n\n\n<div class=\"wp-block-columns is-layout-flex wp-container-core-columns-is-layout-9d6595d7 wp-block-columns-is-layout-flex\">\n<div class=\"wp-block-column is-layout-flow wp-block-column-is-layout-flow\">\n<h2 class=\"wp-block-heading has-text-align-center has-medium-font-size\" style=\"font-style:normal;font-weight:600;text-transform:uppercase\">lieu du DEPART<\/h2>\n\n\n\n<div class=\"wp-block-buttons is-content-justification-center is-layout-flex wp-container-core-buttons-is-layout-16018d1d wp-block-buttons-is-layout-flex\">\n<div class=\"wp-block-button\"><a class=\"wp-block-button__link has-background wp-element-button\" href=\"https:\/\/goo.gl\/maps\/iRYD3byMms6fn6887\" style=\"background-color:#782dfb\" target=\"_blank\" rel=\"noopener\">+<\/a><\/div>\n<\/div>\n<\/div>\n\n\n\n<div class=\"wp-block-column is-layout-flow wp-block-column-is-layout-flow\">\n<h2 class=\"wp-block-heading has-text-align-center has-medium-font-size\" style=\"font-style:normal;font-weight:600;text-transform:uppercase\">localisation du POINT DE RENCONTRE <\/h2>\n\n\n\n<div class=\"wp-block-buttons is-content-justification-center is-layout-flex wp-container-core-buttons-is-layout-16018d1d wp-block-buttons-is-layout-flex\">\n<div class=\"wp-block-button\"><a class=\"wp-block-button__link has-background wp-element-button\" href=\"https:\/\/goo.gl\/maps\/JAvkz61ZB677eh6Q7\" style=\"background-color:#782dfb\" target=\"_blank\" rel=\"noopener\">+<\/a><\/div>\n<\/div>\n<\/div>\n<\/div>\n<\/div><\/div>\n\n\n\n<div class=\"wp-block-cover alignfull\" style=\"min-height:100px;aspect-ratio:unset;\"><span aria-hidden=\"true\" class=\"wp-block-cover__background has-background-dim-100 has-background-dim\" style=\"background-color:#252628\"><\/span><div class=\"wp-block-cover__inner-container is-layout-flow wp-block-cover-is-layout-flow\">\n<div class=\"wp-block-buttons has-custom-font-size has-small-font-size is-content-justification-center is-layout-flex wp-container-core-buttons-is-layout-16018d1d wp-block-buttons-is-layout-flex\">\n<div class=\"wp-block-button has-custom-width wp-block-button__width-50 is-style-outline is-style-outline--2\"><a class=\"wp-block-button__link has-base-3-color has-text-color has-background wp-element-button\" href=\"https:\/\/www.ggaparapente.com\/fr\/reservas\/\" style=\"border-radius:15px;background-color:#ffffff00\"><strong> R\u00c9SERVEZ MAINTENANT<\/strong><\/a><\/div>\n\n\n\n<div class=\"wp-block-button has-custom-width wp-block-button__width-50 is-style-outline is-style-outline--3\"><a class=\"wp-block-button__link has-base-3-color has-text-color has-background wp-element-button\" href=\"https:\/\/www.ggaparapente.com\/fr\/cheque-cadeau\/\" style=\"border-radius:15px;background-color:#ffffff00\"><strong>BILLET-CADEAU<\/strong><\/a><\/div>\n<\/div>\n\n\n\n<div style=\"height:15px\" aria-hidden=\"true\" class=\"wp-block-spacer\"><\/div>\n\n\n\n<div class=\"wp-block-buttons is-content-justification-center is-layout-flex wp-container-core-buttons-is-layout-16018d1d wp-block-buttons-is-layout-flex\">\n<div class=\"wp-block-button is-style-outline is-style-outline--4\"><a class=\"wp-block-button__link has-base-3-color has-text-color has-background has-small-font-size has-custom-font-size wp-element-button\" href=\"https:\/\/www.ggaparapente.com\/fr\/parapente-tenerife\/sites-de-vol-en-parapente-a-tenerife\/\" style=\"border-radius:15px;background-color:#00000000\"><strong>Retour aux d\u00e9collages de parapente \u00e0 T\u00e9n\u00e9rife<\/strong><\/a><\/div>\n<\/div>\n<\/div><\/div>","protected":false},"excerpt":{"rendered":"<p>D\u00e9collage de Las Teresitas, situ\u00e9 \u00e0 environ 70 m\u00e8tres au-dessus du niveau de la mer, par 18 km de vent ou plus, dans les directions E, SE, S. Le d\u00e9collage est tr\u00e8s facile et l'atterrissage encore plus facile.<\/p>","protected":false},"author":1,"featured_media":2897,"comment_status":"closed","ping_status":"open","sticky":false,"template":"","format":"standard","meta":{"_monsterinsights_skip_tracking":false,"_monsterinsights_sitenote_active":false,"_monsterinsights_sitenote_note":"","_monsterinsights_sitenote_category":0,"footnotes":""},"categories":[19],"tags":[],"class_list":["post-1135","post","type-post","status-publish","format-standard","has-post-thumbnail","hentry","category-zonas-de-vuelo-en-parapente-en-tenerife"],"_links":{"self":[{"href":"https:\/\/www.ggaparapente.com\/fr\/wp-json\/wp\/v2\/posts\/1135","targetHints":{"allow":["GET"]}}],"collection":[{"href":"https:\/\/www.ggaparapente.com\/fr\/wp-json\/wp\/v2\/posts"}],"about":[{"href":"https:\/\/www.ggaparapente.com\/fr\/wp-json\/wp\/v2\/types\/post"}],"author":[{"embeddable":true,"href":"https:\/\/www.ggaparapente.com\/fr\/wp-json\/wp\/v2\/users\/1"}],"replies":[{"embeddable":true,"href":"https:\/\/www.ggaparapente.com\/fr\/wp-json\/wp\/v2\/comments?post=1135"}],"version-history":[{"count":0,"href":"https:\/\/www.ggaparapente.com\/fr\/wp-json\/wp\/v2\/posts\/1135\/revisions"}],"wp:featuredmedia":[{"embeddable":true,"href":"https:\/\/www.ggaparapente.com\/fr\/wp-json\/wp\/v2\/media\/2897"}],"wp:attachment":[{"href":"https:\/\/www.ggaparapente.com\/fr\/wp-json\/wp\/v2\/media?parent=1135"}],"wp:term":[{"taxonomy":"category","embeddable":true,"href":"https:\/\/www.ggaparapente.com\/fr\/wp-json\/wp\/v2\/categories?post=1135"},{"taxonomy":"post_tag","embeddable":true,"href":"https:\/\/www.ggaparapente.com\/fr\/wp-json\/wp\/v2\/tags?post=1135"}],"curies":[{"name":"wp","href":"https:\/\/api.w.org\/{rel}","templated":true}]}}