{"id":914,"date":"2021-02-06T13:13:00","date_gmt":"2021-02-06T13:13:00","guid":{"rendered":"https:\/\/www.ggaparapente.com\/?p=914"},"modified":"2024-07-17T11:06:56","modified_gmt":"2024-07-17T11:06:56","slug":"der-tide","status":"publish","type":"post","link":"https:\/\/www.ggaparapente.com\/de\/gleitschirmfliegen-teneriffa\/gleitschirmflugplatze-auf-teneriffa\/der-tide\/","title":{"rendered":"Abflug:El Teide"},"content":{"rendered":"<div class=\"wp-block-cover alignfull wp-elements-2e0ed9c1836987563b5742c0d19a9bfb\"><span aria-hidden=\"true\" class=\"wp-block-cover__background has-background-dim-60 has-background-dim\"><\/span><video class=\"wp-block-cover__video-background intrinsic-ignore\" autoplay muted loop playsinline src=\"https:\/\/www.ggaparapente.com\/wp-content\/uploads\/2023\/03\/parapente-tenerife-portada.mp4\" data-object-fit=\"cover\"><\/video><div class=\"wp-block-cover__inner-container is-layout-flow wp-block-cover-is-layout-flow\">\n<h1 class=\"wp-block-heading has-text-align-center has-base-3-color has-text-color has-link-color has-large-font-size wp-elements-a1fa9c744d939eb45411cb16c6c663aa\"><strong>Abflug:El Teide<\/strong><\/h1>\n\n\n\n<p class=\"has-text-align-center has-base-3-color has-text-color has-link-color wp-elements-96edf73c2d19fbd682074d6b8d2166ed\"><strong>In einer H\u00f6he von 2200m gelegen, gilt er als der h\u00f6chste Startplatz Spaniens, er hat normalerweise ein Wolkenmeer und ist ein beeindruckendes Erlebnis, das jeder einmal im Leben erleben sollte, wenn Sie auf Teneriffa sind, d\u00fcrfen Sie diesen Flug nicht verpassen. Hauptabflug von der NORDseite des Teide.<\/strong><\/p>\n\n\n\n<p class=\"has-text-align-center\"><br>Um Aktivit\u00e4t, Preis und weitere Informationen \u00fcber Tandem-Gleitschirmfl\u00fcge zu sehen, klicken Sie auf \"Aktivit\u00e4t sehen\".<\/p>\n\n\n\n<div class=\"wp-block-buttons is-content-justification-center is-layout-flex wp-container-core-buttons-is-layout-16018d1d wp-block-buttons-is-layout-flex\">\n<div class=\"wp-block-button has-custom-font-size has-medium-font-size\"><a class=\"wp-block-button__link has-background wp-element-button\" href=\"https:\/\/www.ggaparapente.com\/de\/gleitschirmfliegen-teneriffa\/flug-des-teide\/\" style=\"border-radius:15px;background-color:#782dfb\"><strong>AKTIVIT\u00c4T SEHEN<\/strong><\/a><\/div>\n<\/div>\n<\/div><\/div>\n\n\n\n<div class=\"wp-block-cover alignfull\" style=\"min-height:338px;aspect-ratio:unset;\"><span aria-hidden=\"true\" class=\"wp-block-cover__background has-background-dim-100 has-background-dim\" style=\"background-color:#252628\"><\/span><div class=\"wp-block-cover__inner-container is-layout-flow wp-block-cover-is-layout-flow\">\n<h2 class=\"wp-block-heading has-text-align-center\" style=\"font-size:30px;font-style:normal;font-weight:700\">HAUPTABFLUG NORDSEITE<\/h2>\n\n\n\n<h3 class=\"wp-block-heading has-text-align-center has-medium-font-size\"><br><br>F\u00fcr den Start ist ein Wind von mindestens 5 km\/h erforderlich, vorzugsweise aus den Richtungen ne, no, o, so oder s. Bei der Landung hat man die Wahl zwischen dem Strand von Martinez, dem Leuchtturm von Puerto De La Cruz oder dem Gartenstrand, je nach Wetterlage.<\/h3>\n\n\n\n<div class=\"wp-block-columns is-layout-flex wp-container-core-columns-is-layout-9d6595d7 wp-block-columns-is-layout-flex\">\n<div class=\"wp-block-column is-layout-flow wp-block-column-is-layout-flow\">\n<h2 class=\"wp-block-heading has-text-align-center has-medium-font-size\" style=\"font-style:normal;font-weight:500;text-transform:uppercase\">Startplatz Nordseite<\/h2>\n\n\n\n<div class=\"wp-block-buttons is-content-justification-center is-layout-flex wp-container-core-buttons-is-layout-16018d1d wp-block-buttons-is-layout-flex\">\n<div class=\"wp-block-button\"><a class=\"wp-block-button__link has-background wp-element-button\" href=\"http:\/\/goo.gl\/maps\/w1sERYDMt7KgsxXt5\" style=\"background-color:#782dfb\" target=\"_blank\" rel=\"noopener\">+<\/a><\/div>\n<\/div>\n<\/div>\n\n\n\n<div class=\"wp-block-column is-layout-flow wp-block-column-is-layout-flow\">\n<h2 class=\"wp-block-heading has-text-align-center has-medium-font-size\" style=\"font-style:normal;font-weight:600;text-transform:uppercase\">Ort des Treffpunkts IN LA LAGUNA<\/h2>\n\n\n\n<div class=\"wp-block-buttons is-content-justification-center is-layout-flex wp-container-core-buttons-is-layout-16018d1d wp-block-buttons-is-layout-flex\">\n<div class=\"wp-block-button\"><a class=\"wp-block-button__link has-background wp-element-button\" href=\"http:\/\/goo.gl\/maps\/freFbsZGmuhcTVrRA\" style=\"background-color:#782dfb\" target=\"_blank\" rel=\"noopener\">+<\/a><\/div>\n<\/div>\n<\/div>\n\n\n\n<div class=\"wp-block-column is-layout-flow wp-block-column-is-layout-flow\">\n<h2 class=\"wp-block-heading has-text-align-center has-medium-font-size\" style=\"font-style:normal;font-weight:600;text-transform:uppercase\">Standort von MEETING POINT IN PUERTO DE LA CRUZ<\/h2>\n\n\n\n<div class=\"wp-block-buttons is-content-justification-center is-layout-flex wp-container-core-buttons-is-layout-16018d1d wp-block-buttons-is-layout-flex\">\n<div class=\"wp-block-button\"><a class=\"wp-block-button__link has-background wp-element-button\" href=\"https:\/\/goo.gl\/maps\/iGtnpp73ELPz9aPA8\" style=\"background-color:#782dfb\" target=\"_blank\" rel=\"noopener\">+<\/a><\/div>\n<\/div>\n<\/div>\n<\/div>\n<\/div><\/div>\n\n\n\n<figure class=\"wp-block-image alignfull size-large\"><img loading=\"lazy\" decoding=\"async\" width=\"1024\" height=\"683\" src=\"https:\/\/www.ggaparapente.com\/wp-content\/uploads\/2019\/11\/IMG_9576-1024x683.jpg\" alt=\"Abflug von der Nordseite des Teide\" class=\"wp-image-1364\" title=\"\" srcset=\"https:\/\/www.ggaparapente.com\/wp-content\/uploads\/2019\/11\/IMG_9576-1024x683.jpg 1024w, https:\/\/www.ggaparapente.com\/wp-content\/uploads\/2019\/11\/IMG_9576-300x200.jpg 300w, https:\/\/www.ggaparapente.com\/wp-content\/uploads\/2019\/11\/IMG_9576-768x512.jpg 768w\" sizes=\"auto, (max-width: 1024px) 100vw, 1024px\" \/><figcaption class=\"wp-element-caption\">Abflug von der Nordseite des Teide<\/figcaption><\/figure>\n\n\n\n<div class=\"wp-block-cover alignfull\" style=\"min-height:338px;aspect-ratio:unset;\"><span aria-hidden=\"true\" class=\"wp-block-cover__background has-background-dim-100 has-background-dim\" style=\"background-color:#252628\"><\/span><div class=\"wp-block-cover__inner-container is-layout-flow wp-block-cover-is-layout-flow\">\n<h2 class=\"wp-block-heading has-text-align-center\" style=\"font-size:30px;font-style:normal;font-weight:700\">HAUPTSTARTPLATZ S\u00dcDSEITE DES TEIDE<\/h2>\n\n\n\n<h3 class=\"wp-block-heading has-text-align-center has-medium-font-size\">Der Start ist sehr einfach und weit, er wird normalerweise bei 5 km Wind oder mehr geflogen, die Windrichtung: NE, E, S, SE. Die Landung erfolgt normalerweise am Strand von G\u00fc\u00edmar oder im Tal von G\u00fc\u00edmar.<\/h3>\n\n\n\n<div class=\"wp-block-columns is-layout-flex wp-container-core-columns-is-layout-9d6595d7 wp-block-columns-is-layout-flex\">\n<div class=\"wp-block-column is-layout-flow wp-block-column-is-layout-flow\">\n<h2 class=\"wp-block-heading has-text-align-center has-medium-font-size\" style=\"font-style:normal;font-weight:500;text-transform:uppercase\">Startplatz S\u00fcdseite<\/h2>\n\n\n\n<div class=\"wp-block-buttons is-content-justification-center is-layout-flex wp-container-core-buttons-is-layout-16018d1d wp-block-buttons-is-layout-flex\">\n<div class=\"wp-block-button\"><a class=\"wp-block-button__link has-background wp-element-button\" href=\"https:\/\/goo.gl\/maps\/NKf4UyBEZRh5R8SW8\" style=\"background-color:#782dfb\" target=\"_blank\" rel=\"noopener\">+<\/a><\/div>\n<\/div>\n<\/div>\n\n\n\n<div class=\"wp-block-column is-layout-flow wp-block-column-is-layout-flow\">\n<h2 class=\"wp-block-heading has-text-align-center has-medium-font-size\" style=\"font-style:normal;font-weight:600;text-transform:uppercase\">Standort des Treffpunkts in der Lagune<\/h2>\n\n\n\n<div class=\"wp-block-buttons is-content-justification-center is-layout-flex wp-container-core-buttons-is-layout-16018d1d wp-block-buttons-is-layout-flex\">\n<div class=\"wp-block-button\"><a class=\"wp-block-button__link has-background wp-element-button\" href=\"http:\/\/goo.gl\/maps\/freFbsZGmuhcTVrRA\" style=\"background-color:#782dfb\" target=\"_blank\" rel=\"noopener\">+<\/a><\/div>\n<\/div>\n<\/div>\n\n\n\n<div class=\"wp-block-column is-layout-flow wp-block-column-is-layout-flow\">\n<h2 class=\"wp-block-heading has-text-align-center has-medium-font-size\" style=\"font-style:normal;font-weight:600;text-transform:uppercase\">standort des treffpunkts am strand von g\u00fcimar<\/h2>\n\n\n\n<div class=\"wp-block-buttons is-content-justification-center is-layout-flex wp-container-core-buttons-is-layout-16018d1d wp-block-buttons-is-layout-flex\">\n<div class=\"wp-block-button\"><a class=\"wp-block-button__link has-background wp-element-button\" href=\"https:\/\/goo.gl\/maps\/1o4gneGK7GuF2Aab7\" style=\"background-color:#782dfb\" target=\"_blank\" rel=\"noopener\">+<\/a><\/div>\n<\/div>\n<\/div>\n<\/div>\n<\/div><\/div>\n\n\n\n<figure class=\"wp-block-image alignfull size-large is-style-default\"><img loading=\"lazy\" decoding=\"async\" width=\"1024\" height=\"683\" src=\"https:\/\/www.ggaparapente.com\/wp-content\/uploads\/2019\/11\/IMG_9452-1024x683.jpg\" alt=\"Abflug von der S\u00fcdseite des Teide\" class=\"wp-image-1365\" title=\"\" srcset=\"https:\/\/www.ggaparapente.com\/wp-content\/uploads\/2019\/11\/IMG_9452-1024x683.jpg 1024w, https:\/\/www.ggaparapente.com\/wp-content\/uploads\/2019\/11\/IMG_9452-300x200.jpg 300w, https:\/\/www.ggaparapente.com\/wp-content\/uploads\/2019\/11\/IMG_9452-768x512.jpg 768w\" sizes=\"auto, (max-width: 1024px) 100vw, 1024px\" \/><figcaption class=\"wp-element-caption\">Abflug von der S\u00fcdseite des Teide<\/figcaption><\/figure>\n\n\n\n<div class=\"wp-block-cover alignfull\" style=\"min-height:100px;aspect-ratio:unset;\"><span aria-hidden=\"true\" class=\"wp-block-cover__background has-background-dim-100 has-background-dim\" style=\"background-color:#252628\"><\/span><div class=\"wp-block-cover__inner-container is-layout-flow wp-block-cover-is-layout-flow\">\n<div class=\"wp-block-buttons has-custom-font-size has-small-font-size is-content-justification-center is-layout-flex wp-container-core-buttons-is-layout-16018d1d wp-block-buttons-is-layout-flex\">\n<div class=\"wp-block-button has-custom-width wp-block-button__width-50 is-style-outline is-style-outline--1\"><a class=\"wp-block-button__link has-base-3-color has-text-color has-background wp-element-button\" href=\"https:\/\/www.ggaparapente.com\/de\/reservas\/\" style=\"border-radius:15px;background-color:#ffffff00\"><strong> JETZT BUCHEN<\/strong><\/a><\/div>\n\n\n\n<div class=\"wp-block-button has-custom-width wp-block-button__width-50 is-style-outline is-style-outline--2\"><a class=\"wp-block-button__link has-base-3-color has-text-color has-background wp-element-button\" href=\"https:\/\/www.ggaparapente.com\/de\/geschenkgutschein\/\" style=\"border-radius:15px;background-color:#ffffff00\"><strong>GESCHENKKKARTE<\/strong><\/a><\/div>\n<\/div>\n\n\n\n<div style=\"height:15px\" aria-hidden=\"true\" class=\"wp-block-spacer\"><\/div>\n\n\n\n<div class=\"wp-block-buttons is-content-justification-center is-layout-flex wp-container-core-buttons-is-layout-16018d1d wp-block-buttons-is-layout-flex\">\n<div class=\"wp-block-button has-custom-font-size is-style-outline has-small-font-size is-style-outline--3\"><a class=\"wp-block-button__link has-base-3-color has-text-color has-background wp-element-button\" href=\"https:\/\/www.ggaparapente.com\/de\/gleitschirmfliegen-teneriffa\/gleitschirmflugplatze-auf-teneriffa\/\" style=\"border-radius:15px;background-color:#00000000\"><strong>Zur\u00fcck zu Gleitschirmfliegen auf Teneriffa<\/strong><\/a><\/div>\n<\/div>\n<\/div><\/div>","protected":false},"excerpt":{"rendered":"<p>Er liegt auf einer H\u00f6he von 2200 m und gilt als der h\u00f6chste Startplatz Spaniens. Normalerweise ist er von einem Wolkenmeer umgeben und es ist ein beeindruckendes Erlebnis, das jeder einmal im Leben erleben sollte. Hauptabflug von der NORDseite des Teide.<\/p>","protected":false},"author":1,"featured_media":2423,"comment_status":"closed","ping_status":"closed","sticky":false,"template":"","format":"standard","meta":{"_monsterinsights_skip_tracking":false,"_monsterinsights_sitenote_active":false,"_monsterinsights_sitenote_note":"","_monsterinsights_sitenote_category":0,"footnotes":""},"categories":[19],"tags":[],"class_list":["post-914","post","type-post","status-publish","format-standard","has-post-thumbnail","hentry","category-zonas-de-vuelo-en-parapente-en-tenerife"],"_links":{"self":[{"href":"https:\/\/www.ggaparapente.com\/de\/wp-json\/wp\/v2\/posts\/914","targetHints":{"allow":["GET"]}}],"collection":[{"href":"https:\/\/www.ggaparapente.com\/de\/wp-json\/wp\/v2\/posts"}],"about":[{"href":"https:\/\/www.ggaparapente.com\/de\/wp-json\/wp\/v2\/types\/post"}],"author":[{"embeddable":true,"href":"https:\/\/www.ggaparapente.com\/de\/wp-json\/wp\/v2\/users\/1"}],"replies":[{"embeddable":true,"href":"https:\/\/www.ggaparapente.com\/de\/wp-json\/wp\/v2\/comments?post=914"}],"version-history":[{"count":0,"href":"https:\/\/www.ggaparapente.com\/de\/wp-json\/wp\/v2\/posts\/914\/revisions"}],"wp:featuredmedia":[{"embeddable":true,"href":"https:\/\/www.ggaparapente.com\/de\/wp-json\/wp\/v2\/media\/2423"}],"wp:attachment":[{"href":"https:\/\/www.ggaparapente.com\/de\/wp-json\/wp\/v2\/media?parent=914"}],"wp:term":[{"taxonomy":"category","embeddable":true,"href":"https:\/\/www.ggaparapente.com\/de\/wp-json\/wp\/v2\/categories?post=914"},{"taxonomy":"post_tag","embeddable":true,"href":"https:\/\/www.ggaparapente.com\/de\/wp-json\/wp\/v2\/tags?post=914"}],"curies":[{"name":"wp","href":"https:\/\/api.w.org\/{rel}","templated":true}]}}