{"id":4382,"date":"2022-12-31T23:33:32","date_gmt":"2022-12-31T23:33:32","guid":{"rendered":"https:\/\/www.ggaparapente.com\/?p=4382"},"modified":"2025-09-15T00:12:38","modified_gmt":"2025-09-15T00:12:38","slug":"gleitschirmfliegen-teneriffa-nord","status":"publish","type":"post","link":"https:\/\/www.ggaparapente.com\/de\/gleitschirmfliegen-teneriffa\/gleitschirmfliegen-teneriffa-nord\/","title":{"rendered":"Gleitschirmfliegen Teneriffa Nord"},"content":{"rendered":"\n<div style=\"height:0px\" aria-hidden=\"true\" class=\"wp-block-spacer\"><\/div>\n\n\n\n<div class=\"wp-block-cover alignfull has-text-color has-link-color wp-elements-e904a1f83d743b25f5a0299ef89ebe66\" style=\"color:#000000\"><span aria-hidden=\"true\" class=\"wp-block-cover__background has-base-3-background-color has-background-dim-100 has-background-dim\"><\/span><div class=\"wp-block-cover__inner-container is-layout-flow wp-block-cover-is-layout-flow\">\n<div style=\"height:20px\" aria-hidden=\"true\" class=\"wp-block-spacer\"><\/div>\n\n\n\n<div class=\"wp-block-cover alignfull wp-elements-fb4df59df9c0c785546441b5f6f37135\"><video class=\"wp-block-cover__video-background intrinsic-ignore\" autoplay muted loop playsinline src=\"https:\/\/www.ggaparapente.com\/wp-content\/uploads\/2022\/12\/player_export.mov\" data-object-fit=\"cover\"><\/video><span aria-hidden=\"true\" class=\"wp-block-cover__background has-black-background-color has-background-dim-60 has-background-dim\"><\/span><div class=\"wp-block-cover__inner-container is-layout-flow wp-block-cover-is-layout-flow\">\n<h1 class=\"wp-block-heading has-text-align-center has-base-3-color has-text-color has-link-color has-large-font-size wp-elements-c6f3c1dcca44c9567b132d0904751a76\">Vuelos parapente Tenerife norte<\/h1>\n\n\n\n<h2 class=\"wp-block-heading has-text-align-center has-base-3-color has-text-color has-link-color has-small-font-size wp-elements-50d13283e5dc75aa6f811111658b43b9\"><strong>\u00bfQuieres experimentar la adrenalina de volar sobre la impresionante costa norte de Tenerife? \u00a1Entonces nuestro vuelo en parapente es justo lo que necesitas! Con nuestros experimentados pilotos, estar\u00e1s en buenas manos mientras te elevas por encima de las monta\u00f1as y admiras la impresionante belleza natural de la isla.<\/strong><\/h2>\n<\/div><\/div>\n\n\n\n<div class=\"wp-block-columns is-layout-flex wp-container-core-columns-is-layout-9d6595d7 wp-block-columns-is-layout-flex\">\n<div class=\"wp-block-column is-layout-flow wp-block-column-is-layout-flow\">\n<div class=\"wp-block-cover has-contrast-color has-text-color has-link-color wp-elements-34c8e72adef45775687ba71764ae1201\"><span aria-hidden=\"true\" class=\"wp-block-cover__background has-base-3-background-color has-background-dim-100 has-background-dim\"><\/span><div class=\"wp-block-cover__inner-container is-layout-flow wp-block-cover-is-layout-flow\">\n<h2 class=\"wp-block-heading has-text-align-center has-contrast-color has-text-color has-large-font-size\"><strong> <strong>Vuelo de bautismo<\/strong><\/strong><\/h2>\n\n\n\n<h2 class=\"wp-block-heading has-text-align-center has-contrast-color has-text-color has-link-color has-medium-font-size wp-elements-09a74d6e431ca40916bdb6896a411122\"><strong>&#8211; Precio: 120\u20ac<\/strong><\/h2>\n\n\n\n<h3 class=\"wp-block-heading has-text-align-center has-small-font-size\"><strong>&#8211; Seguro de responsabilidad civil<\/strong><\/h3>\n\n\n\n<h3 class=\"wp-block-heading has-text-align-center has-small-font-size\"><strong>&#8211; Tiempo de vuelo depender\u00e1 de la meteorolog\u00eda (20-30 Minutos)<\/strong><\/h3>\n\n\n\n<h3 class=\"wp-block-heading has-text-align-center has-small-font-size\"><strong>&#8211;<strong> Video opcional, v\u00eddeo a 180 o 4k<\/strong><\/strong><\/h3>\n\n\n\n<h3 class=\"wp-block-heading has-text-align-center has-small-font-size\"><strong>&#8211; Te pasamos los mandos para que puedas volar tu el parapente<\/strong> <strong>opcional<\/strong><\/h3>\n\n\n\n<h3 class=\"wp-block-heading has-text-align-center has-small-font-size\"><strong>&#8211; Giros acrob\u00e1ticos opcional<\/strong><\/h3>\n\n\n\n<h3 class=\"wp-block-heading has-text-align-center has-small-font-size\"><strong>&#8211; Transporte desde el punto de encuentro hacia el despegue y devuelta al punto de encuentro<\/strong><\/h3>\n\n\n\n<h3 class=\"wp-block-heading has-text-align-center has-small-font-size\"><strong>&#8211; Horarios: 12:00\/13:00\/14:00\/15:00<\/strong><\/h3>\n\n\n\n<h3 class=\"wp-block-heading has-text-align-center has-small-font-size\"><strong>&#8211; Tiempo estimado de la actividad al completo 1:30 horas<\/strong><\/h3>\n\n\n\n<p class=\"has-text-align-center has-small-font-size\"><strong> &#8211; Punto de encuentro en Puerto De La Cruz<\/strong>:<mark style=\"background-color:rgba(0, 0, 0, 0)\" class=\"has-inline-color has-contrast-color\"> <\/mark><a href=\"https:\/\/maps.app.goo.gl\/Pax47EpSohnePHcc7\" data-type=\"link\" data-id=\"https:\/\/maps.app.goo.gl\/Pax47EpSohnePHcc7\" target=\"_blank\" rel=\"noopener\"><mark style=\"background-color:rgba(0, 0, 0, 0)\" class=\"has-inline-color has-accent-color\">ver aqu\u00ed<\/mark><\/a><\/p>\n<\/div><\/div>\n<\/div>\n<\/div>\n<\/div><\/div>\n\n\n\n<figure class=\"wp-block-embed is-type-video is-provider-vimeo wp-block-embed-vimeo wp-embed-aspect-16-9 wp-has-aspect-ratio\"><div class=\"wp-block-embed__wrapper\">\n<iframe loading=\"lazy\" title=\"Parapente en Tenerife: Vuelo sobre la Corona Forestal\" src=\"https:\/\/player.vimeo.com\/video\/1118589178?dnt=1&amp;app_id=122963\" width=\"1200\" height=\"675\" frameborder=\"0\" allow=\"autoplay; fullscreen; picture-in-picture; clipboard-write; encrypted-media; web-share\" referrerpolicy=\"strict-origin-when-cross-origin\"><\/iframe>\n<\/div><\/figure>\n\n\n\n<div class=\"wp-block-cover alignfull\" style=\"min-height:242px;aspect-ratio:unset;\"><span aria-hidden=\"true\" class=\"wp-block-cover__background has-base-2-background-color has-background-dim-100 has-background-dim\"><\/span><div class=\"wp-block-cover__inner-container is-layout-flow wp-block-cover-is-layout-flow\">\n<h2 class=\"wp-block-heading has-text-align-center has-contrast-color has-text-color has-medium-font-size\"><strong>Posibles despegues:<\/strong><\/h2>\n\n\n\n<h3 class=\"wp-block-heading alignfull has-text-align-center has-contrast-2-color has-text-color has-small-font-size\"><strong>La Punta Del Hidalgo<\/strong> <\/h3>\n\n\n\n<h3 class=\"wp-block-heading alignfull has-text-align-center has-contrast-2-color has-text-color has-small-font-size\"><strong>Las Teresitas<\/strong> <\/h3>\n\n\n\n<h3 class=\"wp-block-heading alignfull has-text-align-center has-contrast-2-color has-text-color has-small-font-size\"><strong>Puerto de la Cruz<\/strong> <\/h3>\n\n\n\n<h3 class=\"wp-block-heading alignfull has-text-align-center has-contrast-2-color has-text-color has-small-font-size\"><strong>La Corona Forestal<\/strong> <\/h3>\n\n\n\n<h3 class=\"wp-block-heading alignfull has-text-align-center has-contrast-2-color has-text-color has-small-font-size\"><strong>Monta\u00f1a de G\u00fc\u00edmar <\/strong><\/h3>\n\n\n\n<h3 class=\"wp-block-heading alignfull has-text-align-center has-contrast-2-color has-text-color has-small-font-size\"><strong>Taganana<\/strong> <\/h3>\n\n\n\n<p class=\"has-contrast-color has-text-color has-link-color wp-elements-972e94814591a6d551bbfd1a9273c428\"><strong><strong><strong><strong>\n<script>\n  if (typeof hasAmeliaEntitiesApiCall === 'undefined' && ('' === '' && '' !== '1')) {\n    var hasAmeliaEntitiesApiCall = true;\n  }\n  var ameliaShortcodeData = (typeof ameliaShortcodeData === 'undefined') ? [] : ameliaShortcodeData;\n  ameliaShortcodeData.push(\n    {\n      'hasApiCall': (typeof hasAmeliaEntitiesApiCall !== 'undefined') && hasAmeliaEntitiesApiCall,\n      'trigger': '',\n      'trigger_type': '',\n      'triggered_form': 'sbsNew',\n      'in_dialog': '',\n      'show': '',\n      'counter': '1000',\n      'category': '',\n      'service': '2',\n      'employee': '',\n      'location': '',\n      'package': '',\n      'layout': '',\n    }\n  );\n\n  var ameliaShortcodeDataTriggered = (typeof ameliaShortcodeDataTriggered === 'undefined') ? [] : ameliaShortcodeDataTriggered;\n  if (ameliaShortcodeData[ameliaShortcodeData.length - 1].trigger !== '') {\n    if (ameliaShortcodeDataTriggered.filter(a => a.counter === ameliaShortcodeData[ameliaShortcodeData.length - 1].counter).length === 0) {\n      ameliaShortcodeDataTriggered.push(ameliaShortcodeData.pop());\n    } else {\n      ameliaShortcodeData.pop()\n    }\n  }\n  if (typeof hasAmeliaEntitiesApiCall !== 'undefined' && hasAmeliaEntitiesApiCall) {\n    hasAmeliaEntitiesApiCall = false;\n  }\n<\/script>\n\n<div\n  id=\"amelia-v2-booking-1000\"\n  class=\"amelia-v2-booking\"\n >\n    <step-form-wrapper><\/step-form-wrapper><\/div>\n<\/strong>&nbsp;&nbsp;<\/strong><\/strong><\/strong><\/p>\n\n\n\n<p class=\"has-text-align-center has-contrast-2-color has-text-color has-link-color wp-elements-0d1bb6f851b5b3b7b2460cb18a8f6b2c\"><strong>ATENCI\u00d3N: El peso debe estar entre 20 kg y 100 kg, con un cargo adicional de 30 \u20ac para aquellos que superen los 90 kg. No hay un l\u00edmite m\u00ednimo de edad, pero la edad m\u00e1xima es de 70 a\u00f1os. La altura m\u00ednima para ni\u00f1os es de 100 cm, y la altura m\u00e1xima permitida es de 200 cm.<\/strong><\/p>\n<\/div><\/div>\n\n\n\n<div class=\"wp-block-cover alignfull\" style=\"min-height:100px;aspect-ratio:unset;\"><span aria-hidden=\"true\" class=\"wp-block-cover__background has-background-dim-100 has-background-dim\" style=\"background-color:#252628\"><\/span><div class=\"wp-block-cover__inner-container is-layout-flow wp-block-cover-is-layout-flow\">\n<div class=\"wp-block-buttons has-custom-font-size has-small-font-size is-content-justification-center is-layout-flex wp-container-core-buttons-is-layout-16018d1d wp-block-buttons-is-layout-flex\">\n<div class=\"wp-block-button has-custom-width wp-block-button__width-50 is-style-outline is-style-outline--1\"><a class=\"wp-block-button__link has-base-3-color has-text-color has-background wp-element-button\" href=\"https:\/\/www.ggaparapente.com\/parapente-tenerife\/vuelo-del-teide\/\" style=\"border-radius:15px;background-color:#ffffff00\"><strong>VUELO PARAPENTE DEL TEIDE<\/strong><\/a><\/div>\n\n\n\n<div class=\"wp-block-button has-custom-width wp-block-button__width-50 is-style-outline is-style-outline--2\"><a class=\"wp-block-button__link has-base-3-color has-text-color has-background wp-element-button\" href=\"https:\/\/www.ggaparapente.com\/vuelos-en-parapente-tenerife-sur\/vuelo-adeje\/\" style=\"border-radius:15px;background-color:#ffffff00\"><strong>VUELO PARAPENTE DE ADEJE<\/strong><\/a><\/div>\n<\/div>\n<\/div><\/div>\n","protected":false},"excerpt":{"rendered":"<p>Erleben Sie den Adrenalinsto\u00df eines Fluges \u00fcber die atemberaubende Nordk\u00fcste Teneriffas mit unserem Paragliding-Flug. Bei erfahrenen Piloten sind Sie in sicheren H\u00e4nden, w\u00e4hrend Sie \u00fcber die Berge schweben und die nat\u00fcrliche Sch\u00f6nheit der Insel genie\u00dfen.<\/p>","protected":false},"author":2,"featured_media":2897,"comment_status":"closed","ping_status":"closed","sticky":false,"template":"","format":"standard","meta":{"_monsterinsights_skip_tracking":false,"_monsterinsights_sitenote_active":false,"_monsterinsights_sitenote_note":"","_monsterinsights_sitenote_category":0,"footnotes":""},"categories":[20],"tags":[],"class_list":["post-4382","post","type-post","status-publish","format-standard","has-post-thumbnail","hentry","category-parapente-tenerife"],"_links":{"self":[{"href":"https:\/\/www.ggaparapente.com\/de\/wp-json\/wp\/v2\/posts\/4382","targetHints":{"allow":["GET"]}}],"collection":[{"href":"https:\/\/www.ggaparapente.com\/de\/wp-json\/wp\/v2\/posts"}],"about":[{"href":"https:\/\/www.ggaparapente.com\/de\/wp-json\/wp\/v2\/types\/post"}],"author":[{"embeddable":true,"href":"https:\/\/www.ggaparapente.com\/de\/wp-json\/wp\/v2\/users\/2"}],"replies":[{"embeddable":true,"href":"https:\/\/www.ggaparapente.com\/de\/wp-json\/wp\/v2\/comments?post=4382"}],"version-history":[{"count":2,"href":"https:\/\/www.ggaparapente.com\/de\/wp-json\/wp\/v2\/posts\/4382\/revisions"}],"predecessor-version":[{"id":6111,"href":"https:\/\/www.ggaparapente.com\/de\/wp-json\/wp\/v2\/posts\/4382\/revisions\/6111"}],"wp:featuredmedia":[{"embeddable":true,"href":"https:\/\/www.ggaparapente.com\/de\/wp-json\/wp\/v2\/media\/2897"}],"wp:attachment":[{"href":"https:\/\/www.ggaparapente.com\/de\/wp-json\/wp\/v2\/media?parent=4382"}],"wp:term":[{"taxonomy":"category","embeddable":true,"href":"https:\/\/www.ggaparapente.com\/de\/wp-json\/wp\/v2\/categories?post=4382"},{"taxonomy":"post_tag","embeddable":true,"href":"https:\/\/www.ggaparapente.com\/de\/wp-json\/wp\/v2\/tags?post=4382"}],"curies":[{"name":"wp","href":"https:\/\/api.w.org\/{rel}","templated":true}]}}