{"id":2615,"date":"2019-01-06T22:50:00","date_gmt":"2019-01-06T22:50:00","guid":{"rendered":"https:\/\/www.ggaparapente.com\/?p=2615"},"modified":"2025-04-29T20:32:32","modified_gmt":"2025-04-29T20:32:32","slug":"abheben-der-pris","status":"publish","type":"post","link":"https:\/\/www.ggaparapente.com\/de\/gleitschirmfliegen-teneriffa\/gleitschirmflugplatze-auf-teneriffa\/abheben-der-pris\/","title":{"rendered":"Abflug: El Pris"},"content":{"rendered":"<div class=\"wp-block-cover alignfull wp-elements-10b78d14b7f1b1cd011c09d18eed366d wp-duotone-unset-1\"><img loading=\"lazy\" decoding=\"async\" width=\"2560\" height=\"1326\" class=\"wp-block-cover__image-background wp-image-2614 size-full\" alt=\"Prisabahn\" src=\"https:\/\/www.ggaparapente.com\/wp-content\/uploads\/2021\/01\/Despegue-de-parapente-el-pris-scaled.jpg\" data-object-fit=\"cover\" title=\"\" srcset=\"https:\/\/www.ggaparapente.com\/wp-content\/uploads\/2021\/01\/Despegue-de-parapente-el-pris-scaled.jpg 2560w, https:\/\/www.ggaparapente.com\/wp-content\/uploads\/2021\/01\/Despegue-de-parapente-el-pris-300x155.jpg 300w, https:\/\/www.ggaparapente.com\/wp-content\/uploads\/2021\/01\/Despegue-de-parapente-el-pris-1024x530.jpg 1024w, https:\/\/www.ggaparapente.com\/wp-content\/uploads\/2021\/01\/Despegue-de-parapente-el-pris-768x398.jpg 768w, https:\/\/www.ggaparapente.com\/wp-content\/uploads\/2021\/01\/Despegue-de-parapente-el-pris-1536x796.jpg 1536w\" sizes=\"auto, (max-width: 2560px) 100vw, 2560px\" \/><span aria-hidden=\"true\" class=\"wp-block-cover__background has-background-dim-60 has-background-dim\"><\/span><div class=\"wp-block-cover__inner-container is-layout-flow wp-block-cover-is-layout-flow\">\n<h1 class=\"wp-block-heading has-text-align-center has-base-3-color has-text-color has-link-color has-large-font-size wp-elements-f0daeab7da719a9e38ad121d3a31ff59\"><strong>Abflug: El Pris<\/strong><\/h1>\n\n\n\n<h2 class=\"wp-block-heading has-text-align-center has-medium-font-size\"><strong><strong>Gleitschirmfliegen in <strong><strong><strong>Die Pris<\/strong><\/strong><\/strong><\/strong><\/strong><\/h2>\n\n\n\n<p class=\"has-text-align-center has-base-3-color has-text-color has-link-color wp-elements-d66c9e867e051dd52ee015ee1499b1b9\">Der Start mit dem Pris macht gro\u00dfen Spa\u00df und bietet unglaubliche Ausblicke auf die Klippen und die Nordk\u00fcste Teneriffas. Es ist ein visuell spektakul\u00e4rer Flug, bei dem die Energie des Ozeans immer pr\u00e4sent ist.<\/p>\n\n\n\n<p class=\"has-text-align-center\"><br>Um Aktivit\u00e4t, Preis und weitere Informationen \u00fcber Tandem-Gleitschirmfl\u00fcge zu sehen, klicken Sie auf \"Aktivit\u00e4t sehen\".<\/p>\n\n\n\n<div class=\"wp-block-buttons is-content-justification-center is-layout-flex wp-container-core-buttons-is-layout-16018d1d wp-block-buttons-is-layout-flex\">\n<div class=\"wp-block-button\"><a class=\"wp-block-button__link has-background has-medium-font-size has-custom-font-size wp-element-button\" href=\"https:\/\/www.ggaparapente.com\/de\/gleitschirmfliegen-teneriffa\/gleitschirmfliegen-teneriffa-nord\/\" style=\"border-radius:15px;background-color:#782dfb\"><strong>AKTIVIT\u00c4T SEHEN<\/strong><\/a><\/div>\n<\/div>\n<\/div><\/div>\n\n\n\n<div class=\"wp-block-cover alignfull\" style=\"min-height:338px;aspect-ratio:unset;\"><span aria-hidden=\"true\" class=\"wp-block-cover__background has-background-dim-100 has-background-dim\" style=\"background-color:#252628\"><\/span><div class=\"wp-block-cover__inner-container is-layout-flow wp-block-cover-is-layout-flow\">\n<h2 class=\"wp-block-heading has-text-align-center\" style=\"font-size:30px;font-style:normal;font-weight:700\">MAIN TAKE-OFF <\/h2>\n\n\n\n<h3 class=\"wp-block-heading has-text-align-center has-medium-font-size\" style=\"font-style:normal;font-weight:600\"><br><br><strong><strong><strong>Start von der Pris in ca. 50 m H\u00f6he, Start und Landung an der gleichen Stelle, in der Regel mit Winden aus West und S\u00fcdwest.<\/strong><\/strong><\/strong><\/h3>\n\n\n\n<div class=\"wp-block-columns is-layout-flex wp-container-core-columns-is-layout-9d6595d7 wp-block-columns-is-layout-flex\">\n<div class=\"wp-block-column is-layout-flow wp-block-column-is-layout-flow\">\n<h2 class=\"wp-block-heading has-text-align-center has-medium-font-size\" style=\"font-style:normal;font-weight:600;text-transform:uppercase\">Standort der DEPARTURE<\/h2>\n\n\n\n<div class=\"wp-block-buttons is-content-justification-center is-layout-flex wp-container-core-buttons-is-layout-16018d1d wp-block-buttons-is-layout-flex\">\n<div class=\"wp-block-button\"><a class=\"wp-block-button__link has-background wp-element-button\" href=\"https:\/\/goo.gl\/maps\/nupP7zE3HH5nwxDy9\" style=\"background-color:#782dfb\" target=\"_blank\" rel=\"noopener\">+<\/a><\/div>\n<\/div>\n<\/div>\n\n\n\n<div class=\"wp-block-column is-layout-flow wp-block-column-is-layout-flow\">\n<h2 class=\"wp-block-heading has-text-align-center has-medium-font-size\" style=\"font-style:normal;font-weight:600;text-transform:uppercase\">Standort des MEETING POINT <\/h2>\n\n\n\n<div class=\"wp-block-buttons is-content-justification-center is-layout-flex wp-container-core-buttons-is-layout-16018d1d wp-block-buttons-is-layout-flex\">\n<div class=\"wp-block-button\"><a class=\"wp-block-button__link has-background wp-element-button\" href=\"https:\/\/goo.gl\/maps\/nupP7zE3HH5nwxDy9\" style=\"background-color:#782dfb\" target=\"_blank\" rel=\"noopener\">+<\/a><\/div>\n<\/div>\n<\/div>\n<\/div>\n<\/div><\/div>\n\n\n\n<div class=\"wp-block-cover alignfull\" style=\"min-height:100px;aspect-ratio:unset;\"><span aria-hidden=\"true\" class=\"wp-block-cover__background has-background-dim-100 has-background-dim\" style=\"background-color:#252628\"><\/span><div class=\"wp-block-cover__inner-container is-layout-flow wp-block-cover-is-layout-flow\">\n<div class=\"wp-block-buttons has-custom-font-size has-small-font-size is-content-justification-center is-layout-flex wp-container-core-buttons-is-layout-16018d1d wp-block-buttons-is-layout-flex\">\n<div class=\"wp-block-button has-custom-width wp-block-button__width-50 is-style-outline is-style-outline--2\"><a class=\"wp-block-button__link has-base-3-color has-text-color has-background wp-element-button\" href=\"https:\/\/www.ggaparapente.com\/de\/reservas\/\" style=\"border-radius:15px;background-color:#ffffff00\"><strong> JETZT BUCHEN<\/strong><\/a><\/div>\n\n\n\n<div class=\"wp-block-button has-custom-width wp-block-button__width-50 is-style-outline is-style-outline--3\"><a class=\"wp-block-button__link has-base-3-color has-text-color has-background wp-element-button\" href=\"https:\/\/www.ggaparapente.com\/de\/geschenkgutschein\/\" style=\"border-radius:15px;background-color:#ffffff00\"><strong>GESCHENKKKARTE<\/strong><\/a><\/div>\n<\/div>\n\n\n\n<div style=\"height:15px\" aria-hidden=\"true\" class=\"wp-block-spacer\"><\/div>\n\n\n\n<div class=\"wp-block-buttons is-content-justification-center is-layout-flex wp-container-core-buttons-is-layout-16018d1d wp-block-buttons-is-layout-flex\">\n<div class=\"wp-block-button is-style-outline is-style-outline--4\"><a class=\"wp-block-button__link has-base-3-color has-text-color has-background has-small-font-size has-custom-font-size wp-element-button\" href=\"https:\/\/www.ggaparapente.com\/de\/gleitschirmfliegen-teneriffa\/gleitschirmflugplatze-auf-teneriffa\/\" style=\"border-radius:15px;background-color:#00000000\"><strong>Zur\u00fcck zu Gleitschirmfliegen auf Teneriffa<\/strong><\/a><\/div>\n<\/div>\n<\/div><\/div>","protected":false},"excerpt":{"rendered":"<p>Der Start von der Pris liegt etwa 50 Meter \u00fcber dem Meeresspiegel, Start und Landung erfolgen am selben Ort. Geflogen wird in der Regel mit Winden aus West und S\u00fcdwest.<\/p>","protected":false},"author":1,"featured_media":2614,"comment_status":"closed","ping_status":"open","sticky":false,"template":"","format":"standard","meta":{"_monsterinsights_skip_tracking":false,"_monsterinsights_sitenote_active":false,"_monsterinsights_sitenote_note":"","_monsterinsights_sitenote_category":0,"footnotes":""},"categories":[19],"tags":[],"class_list":["post-2615","post","type-post","status-publish","format-standard","has-post-thumbnail","hentry","category-zonas-de-vuelo-en-parapente-en-tenerife"],"_links":{"self":[{"href":"https:\/\/www.ggaparapente.com\/de\/wp-json\/wp\/v2\/posts\/2615","targetHints":{"allow":["GET"]}}],"collection":[{"href":"https:\/\/www.ggaparapente.com\/de\/wp-json\/wp\/v2\/posts"}],"about":[{"href":"https:\/\/www.ggaparapente.com\/de\/wp-json\/wp\/v2\/types\/post"}],"author":[{"embeddable":true,"href":"https:\/\/www.ggaparapente.com\/de\/wp-json\/wp\/v2\/users\/1"}],"replies":[{"embeddable":true,"href":"https:\/\/www.ggaparapente.com\/de\/wp-json\/wp\/v2\/comments?post=2615"}],"version-history":[{"count":0,"href":"https:\/\/www.ggaparapente.com\/de\/wp-json\/wp\/v2\/posts\/2615\/revisions"}],"wp:featuredmedia":[{"embeddable":true,"href":"https:\/\/www.ggaparapente.com\/de\/wp-json\/wp\/v2\/media\/2614"}],"wp:attachment":[{"href":"https:\/\/www.ggaparapente.com\/de\/wp-json\/wp\/v2\/media?parent=2615"}],"wp:term":[{"taxonomy":"category","embeddable":true,"href":"https:\/\/www.ggaparapente.com\/de\/wp-json\/wp\/v2\/categories?post=2615"},{"taxonomy":"post_tag","embeddable":true,"href":"https:\/\/www.ggaparapente.com\/de\/wp-json\/wp\/v2\/tags?post=2615"}],"curies":[{"name":"wp","href":"https:\/\/api.w.org\/{rel}","templated":true}]}}